{"id":1503,"date":"2016-08-11T11:26:02","date_gmt":"2016-08-11T09:26:02","guid":{"rendered":"https:\/\/www.bodecall.com\/blog\/?p=1503"},"modified":"2022-02-09T11:47:44","modified_gmt":"2022-02-09T10:47:44","slug":"imprescindibles-de-la-feria-de-malaga","status":"publish","type":"post","link":"https:\/\/www.bodecall.com\/blog\/imprescindibles-de-la-feria-de-malaga\/","title":{"rendered":"Imprescindibles de la Feria de M\u00e1laga"},"content":{"rendered":"<p>Ya est\u00e1 aqu\u00ed la <strong>Feria de M\u00e1laga 2016<\/strong>, una fiesta veraniega muy especial que conmemora la toma de la ciudad por parte de los Reyes Cat\u00f3licos en 1487, con su incorporaci\u00f3n a la Corona de Castilla. Este a\u00f1o se celebra <strong>entre el 13 y el 20 de agosto<\/strong>. Los que conocen la feria lo saben, pero si no, te lo decimos nosotros: se trata de una de las fiestas m\u00e1s alegres del verano. Y si est\u00e1s por la ciudad y quieres disfrutar a tope, te dejamos una <strong>gu\u00eda b\u00e1sica<\/strong> con las tradiciones que no debes perderte esa semana. \u00a1A divertirse!<\/p>\n<p><strong>Inauguraci\u00f3n de la feria<\/strong><\/p>\n<p>Uno de los actos m\u00e1s tradicionales de la feria es su inauguraci\u00f3n. Este a\u00f1o tiene lugar el <strong>viernes 12<\/strong> por la noche, con el <strong>preg\u00f3n<\/strong> de la cantante malague\u00f1a Vanesa Mart\u00edn a las 23:50h. y los<strong> fuegos artificiales<\/strong> a las 00:00h. Adem\u00e1s, para redondear la noche, est\u00e1 previsto un <strong>concierto<\/strong> de Barei a las 00:20h en la Playa de la Malagueta.<\/p>\n<p><strong>Romer\u00eda al Santuario de la Victoria<\/strong><\/p>\n<p>Otro de los momentos m\u00e1s emotivos de la feria es el de la <strong>Romer\u00eda al Santuario de la Victoria<\/strong>, donde se realiza una ofrenda floral a la patrona de M\u00e1laga. Recomendamos no perderse el espect\u00e1culo de <strong>jinetes, coches de caballos y peregrinos<\/strong> a pie por las calles del centro, comenzando en el Paseo del Parque, el <strong>s\u00e1bado 13<\/strong> a partir de las 10:30h.<\/p>\n<p><strong>Vivir la feria de Centro<\/strong><\/p>\n<p>La principal caracter\u00edstica de esta fiesta es su feria en el centro de la ciudad. Las principales calles y plazas, como Calle Larios, Plaza de la Constituci\u00f3n o Paseo del Parque, se llenan de <strong>coros de verdiales<\/strong>, grupos de baile de verdiales, malague\u00f1as y sevillanas, as\u00ed como todo tipo de <strong>actividades<\/strong> para todos.<\/p>\n<div class=\"lyte-wrapper fourthree\" style=\"width:420px;max-width:100%;margin:5px;\"><div class=\"lyMe\" id=\"WYL_gv9n3wMfpak\"><div id=\"lyte_gv9n3wMfpak\" data-src=\"\/\/i.ytimg.com\/vi\/gv9n3wMfpak\/hqdefault.jpg\" class=\"pL\"><div class=\"tC\"><div class=\"tT\"><\/div><\/div><div class=\"play\"><\/div><div class=\"ctrl\"><div class=\"Lctrl\"><\/div><div class=\"Rctrl\"><\/div><\/div><\/div><noscript><a href=\"https:\/\/youtu.be\/gv9n3wMfpak\" rel=\"nofollow\"><img loading=\"lazy\" decoding=\"async\" src=\"https:\/\/i.ytimg.com\/vi\/gv9n3wMfpak\/0.jpg\" alt=\"YouTube video thumbnail\" width=\"420\" height=\"295\" \/><br \/>Ver este v\u00eddeo en YouTube<\/a><\/noscript><\/div><\/div><div class=\"lL\" style=\"max-width:100%;width:420px;margin:5px;\"><\/div><\/p>\n<p><strong>Pasear por la noche por el Real de la Feria<\/strong><\/p>\n<p>Al caer la tarde, la fiesta se traslada al <strong>Real de la Feria<\/strong>, donde pueden encontrarse casetas para todos los gustos (desde las m\u00e1s tradicionales y familiares hasta las que componen la zona de la juventud, con conciertos y mucha animaci\u00f3n) y una gran variedad de atracciones. La <strong>inauguraci\u00f3n<\/strong> del Real comienza con el encendido de las luces, que tiene lugar el <strong>s\u00e1bado 13 a las 21:30<\/strong>, un momento m\u00e1gico que no olvidar\u00e1s.<\/p>\n<p><strong>Tapear por M\u00e1laga<\/strong><\/p>\n<p>Aunque est\u00e1 de m\u00e1s decirlo, tapear por M\u00e1laga durante su feria es una de las principales actividades que pueden realizarse en la ciudad. Recomendamos especialmente pedir platos de <strong>pesca\u00edto, espetos y gazpachos<\/strong>, as\u00ed como quitarse la sed y el calor en cualquier rinc\u00f3n de la ciudad con una botella del <strong>vino dulce tradicional de la feria, el <a href=\"http:\/\/www.bodecall.com\/vinos\/blancos\/cartojal-malaga-75-cl-detail\" target=\"_blank\" rel=\"noopener\">Cartojal<\/a><\/strong>, servido muy fresquito, o descubirir la gama de <strong>espumosos malague\u00f1os<\/strong>, como por ejemplo <strong><a href=\"http:\/\/www.bodecall.com\/vinos\/cavas\/apiane-espumoso-de-moscatel-detail\" target=\"_blank\" rel=\"noopener\">Apiane Espumoso de Moscatel<\/a><\/strong>.<\/p>\n<p><img loading=\"lazy\" decoding=\"async\" class=\"aligncenter size-full wp-image-1514\" src=\"https:\/\/www.bodecall.com\/blog\/wp-content\/uploads\/2016\/08\/Botellas-Cartojal-Bodecall.jpg\" alt=\"Botellas Cartojal Bodecall\" width=\"670\" height=\"683\" srcset=\"https:\/\/www.bodecall.com\/blog\/wp-content\/uploads\/2016\/08\/Botellas-Cartojal-Bodecall.jpg 670w, https:\/\/www.bodecall.com\/blog\/wp-content\/uploads\/2016\/08\/Botellas-Cartojal-Bodecall-294x300.jpg 294w\" sizes=\"auto, (max-width: 670px) 100vw, 670px\" \/><\/p>\n<p><strong>Tomar el sol en la playa<\/strong><\/p>\n<p>Si deseas descansar un rato de la agitaci\u00f3n de la feria, en M\u00e1laga te lo ponemos f\u00e1cil: puedes ir a disfrutar de un rato de <strong>playa a la Malagueta<\/strong> o a cualquier otra de las playas de la ciudad, as\u00ed como visitar alg\u00fan <strong>parque acu\u00e1tico<\/strong>, como Aqualand Torremolinos.<\/p>\n<p><strong>\u00bfA qu\u00e9 esperas para disfrutar de la Feria de M\u00e1laga? \u00a1Te esperamos!<\/strong><\/p>\n","protected":false},"excerpt":{"rendered":"<p>Ya est\u00e1 aqu\u00ed la Feria de M\u00e1laga 2016, una fiesta veraniega muy especial que conmemora la toma de la ciudad<\/p>\n","protected":false},"author":1,"featured_media":1514,"comment_status":"open","ping_status":"open","sticky":false,"template":"","format":"standard","meta":{"_acf_changed":false,"footnotes":""},"categories":[3],"tags":[68,37,39],"class_list":["post-1503","post","type-post","status-publish","format-standard","has-post-thumbnail","hentry","category-vinos","tag-dulce","tag-malaga","tag-vino"],"acf":[],"yoast_head":"<!-- This site is optimized with the Yoast SEO plugin v26.8 - https:\/\/yoast.com\/product\/yoast-seo-wordpress\/ -->\n<title>Imprescindibles de la Feria de M\u00e1laga - Blog de cerveza artesana y de importaci\u00f3n<\/title>\n<meta name=\"robots\" content=\"index, follow, max-snippet:-1, max-image-preview:large, max-video-preview:-1\" \/>\n<link rel=\"canonical\" href=\"https:\/\/www.bodecall.com\/blog\/imprescindibles-de-la-feria-de-malaga\/\" \/>\n<meta property=\"og:locale\" content=\"es_ES\" \/>\n<meta property=\"og:type\" content=\"article\" \/>\n<meta property=\"og:title\" content=\"Imprescindibles de la Feria de M\u00e1laga - Blog de cerveza artesana y de importaci\u00f3n\" \/>\n<meta property=\"og:description\" content=\"Ya est\u00e1 aqu\u00ed la Feria de M\u00e1laga 2016, una fiesta veraniega muy especial que conmemora la toma de la ciudad\" \/>\n<meta property=\"og:url\" content=\"https:\/\/www.bodecall.com\/blog\/imprescindibles-de-la-feria-de-malaga\/\" \/>\n<meta property=\"og:site_name\" content=\"Blog de cerveza artesana y de importaci\u00f3n\" \/>\n<meta property=\"article:author\" content=\"https:\/\/www.facebook.com\/bodecall\" \/>\n<meta property=\"article:published_time\" content=\"2016-08-11T09:26:02+00:00\" \/>\n<meta property=\"article:modified_time\" content=\"2022-02-09T10:47:44+00:00\" \/>\n<meta property=\"og:image\" content=\"https:\/\/www.bodecall.com\/blog\/wp-content\/uploads\/2016\/08\/Botellas-Cartojal-Bodecall.jpg\" \/>\n\t<meta property=\"og:image:width\" content=\"670\" \/>\n\t<meta property=\"og:image:height\" content=\"683\" \/>\n\t<meta property=\"og:image:type\" content=\"image\/jpeg\" \/>\n<meta name=\"author\" content=\"Bodecall Cervezas Artesanas\" \/>\n<meta name=\"twitter:card\" content=\"summary_large_image\" \/>\n<meta name=\"twitter:creator\" content=\"@Bodecall_\" \/>\n<meta name=\"twitter:label1\" content=\"Escrito por\" \/>\n\t<meta name=\"twitter:data1\" content=\"Bodecall Cervezas Artesanas\" \/>\n\t<meta name=\"twitter:label2\" content=\"Tiempo de lectura\" \/>\n\t<meta name=\"twitter:data2\" content=\"3 minutos\" \/>\n<script type=\"application\/ld+json\" class=\"yoast-schema-graph\">{\"@context\":\"https:\/\/schema.org\",\"@graph\":[{\"@type\":\"Article\",\"@id\":\"https:\/\/www.bodecall.com\/blog\/imprescindibles-de-la-feria-de-malaga\/#article\",\"isPartOf\":{\"@id\":\"https:\/\/www.bodecall.com\/blog\/imprescindibles-de-la-feria-de-malaga\/\"},\"author\":{\"name\":\"Bodecall Cervezas Artesanas\",\"@id\":\"https:\/\/www.bodecall.com\/blog\/#\/schema\/person\/fed303d878bae3f832ffcc696eb33622\"},\"headline\":\"Imprescindibles de la Feria de M\u00e1laga\",\"datePublished\":\"2016-08-11T09:26:02+00:00\",\"dateModified\":\"2022-02-09T10:47:44+00:00\",\"mainEntityOfPage\":{\"@id\":\"https:\/\/www.bodecall.com\/blog\/imprescindibles-de-la-feria-de-malaga\/\"},\"wordCount\":561,\"commentCount\":0,\"publisher\":{\"@id\":\"https:\/\/www.bodecall.com\/blog\/#organization\"},\"image\":{\"@id\":\"https:\/\/www.bodecall.com\/blog\/imprescindibles-de-la-feria-de-malaga\/#primaryimage\"},\"thumbnailUrl\":\"https:\/\/www.bodecall.com\/blog\/wp-content\/uploads\/2016\/08\/Botellas-Cartojal-Bodecall.jpg\",\"keywords\":[\"dulce\",\"M\u00e1laga\",\"vino\"],\"articleSection\":[\"Vinos\"],\"inLanguage\":\"es\",\"potentialAction\":[{\"@type\":\"CommentAction\",\"name\":\"Comment\",\"target\":[\"https:\/\/www.bodecall.com\/blog\/imprescindibles-de-la-feria-de-malaga\/#respond\"]}]},{\"@type\":\"WebPage\",\"@id\":\"https:\/\/www.bodecall.com\/blog\/imprescindibles-de-la-feria-de-malaga\/\",\"url\":\"https:\/\/www.bodecall.com\/blog\/imprescindibles-de-la-feria-de-malaga\/\",\"name\":\"Imprescindibles de la Feria de M\u00e1laga - Blog de cerveza artesana y de importaci\u00f3n\",\"isPartOf\":{\"@id\":\"https:\/\/www.bodecall.com\/blog\/#website\"},\"primaryImageOfPage\":{\"@id\":\"https:\/\/www.bodecall.com\/blog\/imprescindibles-de-la-feria-de-malaga\/#primaryimage\"},\"image\":{\"@id\":\"https:\/\/www.bodecall.com\/blog\/imprescindibles-de-la-feria-de-malaga\/#primaryimage\"},\"thumbnailUrl\":\"https:\/\/www.bodecall.com\/blog\/wp-content\/uploads\/2016\/08\/Botellas-Cartojal-Bodecall.jpg\",\"datePublished\":\"2016-08-11T09:26:02+00:00\",\"dateModified\":\"2022-02-09T10:47:44+00:00\",\"breadcrumb\":{\"@id\":\"https:\/\/www.bodecall.com\/blog\/imprescindibles-de-la-feria-de-malaga\/#breadcrumb\"},\"inLanguage\":\"es\",\"potentialAction\":[{\"@type\":\"ReadAction\",\"target\":[\"https:\/\/www.bodecall.com\/blog\/imprescindibles-de-la-feria-de-malaga\/\"]}]},{\"@type\":\"ImageObject\",\"inLanguage\":\"es\",\"@id\":\"https:\/\/www.bodecall.com\/blog\/imprescindibles-de-la-feria-de-malaga\/#primaryimage\",\"url\":\"https:\/\/www.bodecall.com\/blog\/wp-content\/uploads\/2016\/08\/Botellas-Cartojal-Bodecall.jpg\",\"contentUrl\":\"https:\/\/www.bodecall.com\/blog\/wp-content\/uploads\/2016\/08\/Botellas-Cartojal-Bodecall.jpg\",\"width\":670,\"height\":683,\"caption\":\"Botellas Cartojal Bodecall\"},{\"@type\":\"BreadcrumbList\",\"@id\":\"https:\/\/www.bodecall.com\/blog\/imprescindibles-de-la-feria-de-malaga\/#breadcrumb\",\"itemListElement\":[{\"@type\":\"ListItem\",\"position\":1,\"name\":\"Portada\",\"item\":\"https:\/\/www.bodecall.com\/blog\/\"},{\"@type\":\"ListItem\",\"position\":2,\"name\":\"Imprescindibles de la Feria de M\u00e1laga\"}]},{\"@type\":\"WebSite\",\"@id\":\"https:\/\/www.bodecall.com\/blog\/#website\",\"url\":\"https:\/\/www.bodecall.com\/blog\/\",\"name\":\"Blog de cerveza artesana y de importaci\u00f3n\",\"description\":\"Explora el universo de la cerveza con noticias, novedades, curiosidades y gu\u00edas en el blog de cerveza de Bodecall\",\"publisher\":{\"@id\":\"https:\/\/www.bodecall.com\/blog\/#organization\"},\"potentialAction\":[{\"@type\":\"SearchAction\",\"target\":{\"@type\":\"EntryPoint\",\"urlTemplate\":\"https:\/\/www.bodecall.com\/blog\/?s={search_term_string}\"},\"query-input\":{\"@type\":\"PropertyValueSpecification\",\"valueRequired\":true,\"valueName\":\"search_term_string\"}}],\"inLanguage\":\"es\"},{\"@type\":\"Organization\",\"@id\":\"https:\/\/www.bodecall.com\/blog\/#organization\",\"name\":\"Blog de cerveza artesana y de importaci\u00f3n\",\"url\":\"https:\/\/www.bodecall.com\/blog\/\",\"logo\":{\"@type\":\"ImageObject\",\"inLanguage\":\"es\",\"@id\":\"https:\/\/www.bodecall.com\/blog\/#\/schema\/logo\/image\/\",\"url\":\"https:\/\/www.bodecall.com\/blog\/wp-content\/uploads\/2020\/11\/logo-bodecall-blog.jpg\",\"contentUrl\":\"https:\/\/www.bodecall.com\/blog\/wp-content\/uploads\/2020\/11\/logo-bodecall-blog.jpg\",\"width\":200,\"height\":53,\"caption\":\"Blog de cerveza artesana y de importaci\u00f3n\"},\"image\":{\"@id\":\"https:\/\/www.bodecall.com\/blog\/#\/schema\/logo\/image\/\"}},{\"@type\":\"Person\",\"@id\":\"https:\/\/www.bodecall.com\/blog\/#\/schema\/person\/fed303d878bae3f832ffcc696eb33622\",\"name\":\"Bodecall Cervezas Artesanas\",\"image\":{\"@type\":\"ImageObject\",\"inLanguage\":\"es\",\"@id\":\"https:\/\/www.bodecall.com\/blog\/#\/schema\/person\/image\/\",\"url\":\"https:\/\/secure.gravatar.com\/avatar\/4245cc729cf13e2723c8a40af0e03c5dfc48574718e46a5a9634416ff2051316?s=96&d=identicon&r=g\",\"contentUrl\":\"https:\/\/secure.gravatar.com\/avatar\/4245cc729cf13e2723c8a40af0e03c5dfc48574718e46a5a9634416ff2051316?s=96&d=identicon&r=g\",\"caption\":\"Bodecall Cervezas Artesanas\"},\"description\":\"En Bodecall somos especialistas en cervezas y nos encanta escribir sobre todo lo que rodea a esta deliciosa bebida: desde los procesos de elaboraci\u00f3n hasta su historia y cultura. Adem\u00e1s, nos dedicamos a seleccionar, recomendar y ofrecer las mejores cervezas artesanales, de importaci\u00f3n y cl\u00e1sicas, para que disfrutes de una experiencia \u00fanica en cada sorbo. \u00danete a nuestra comunidad cervecera y descubre con nosotros los secretos detr\u00e1s de cada cerveza.\",\"sameAs\":[\"http:\/\/bodecall.com\",\"https:\/\/www.facebook.com\/bodecall\",\"https:\/\/www.instagram.com\/bodecall_\",\"https:\/\/x.com\/Bodecall_\",\"https:\/\/www.youtube.com\/Bodecall-Vinos-Licores\",\"https:\/\/www.tumblr.com\/blog\/bodecall\"],\"url\":\"https:\/\/www.bodecall.com\/blog\/author\/admin\/\"}]}<\/script>\n<!-- \/ Yoast SEO plugin. -->","yoast_head_json":{"title":"Imprescindibles de la Feria de M\u00e1laga - Blog de cerveza artesana y de importaci\u00f3n","robots":{"index":"index","follow":"follow","max-snippet":"max-snippet:-1","max-image-preview":"max-image-preview:large","max-video-preview":"max-video-preview:-1"},"canonical":"https:\/\/www.bodecall.com\/blog\/imprescindibles-de-la-feria-de-malaga\/","og_locale":"es_ES","og_type":"article","og_title":"Imprescindibles de la Feria de M\u00e1laga - Blog de cerveza artesana y de importaci\u00f3n","og_description":"Ya est\u00e1 aqu\u00ed la Feria de M\u00e1laga 2016, una fiesta veraniega muy especial que conmemora la toma de la ciudad","og_url":"https:\/\/www.bodecall.com\/blog\/imprescindibles-de-la-feria-de-malaga\/","og_site_name":"Blog de cerveza artesana y de importaci\u00f3n","article_author":"https:\/\/www.facebook.com\/bodecall","article_published_time":"2016-08-11T09:26:02+00:00","article_modified_time":"2022-02-09T10:47:44+00:00","og_image":[{"width":670,"height":683,"url":"https:\/\/www.bodecall.com\/blog\/wp-content\/uploads\/2016\/08\/Botellas-Cartojal-Bodecall.jpg","type":"image\/jpeg"}],"author":"Bodecall Cervezas Artesanas","twitter_card":"summary_large_image","twitter_creator":"@Bodecall_","twitter_misc":{"Escrito por":"Bodecall Cervezas Artesanas","Tiempo de lectura":"3 minutos"},"schema":{"@context":"https:\/\/schema.org","@graph":[{"@type":"Article","@id":"https:\/\/www.bodecall.com\/blog\/imprescindibles-de-la-feria-de-malaga\/#article","isPartOf":{"@id":"https:\/\/www.bodecall.com\/blog\/imprescindibles-de-la-feria-de-malaga\/"},"author":{"name":"Bodecall Cervezas Artesanas","@id":"https:\/\/www.bodecall.com\/blog\/#\/schema\/person\/fed303d878bae3f832ffcc696eb33622"},"headline":"Imprescindibles de la Feria de M\u00e1laga","datePublished":"2016-08-11T09:26:02+00:00","dateModified":"2022-02-09T10:47:44+00:00","mainEntityOfPage":{"@id":"https:\/\/www.bodecall.com\/blog\/imprescindibles-de-la-feria-de-malaga\/"},"wordCount":561,"commentCount":0,"publisher":{"@id":"https:\/\/www.bodecall.com\/blog\/#organization"},"image":{"@id":"https:\/\/www.bodecall.com\/blog\/imprescindibles-de-la-feria-de-malaga\/#primaryimage"},"thumbnailUrl":"https:\/\/www.bodecall.com\/blog\/wp-content\/uploads\/2016\/08\/Botellas-Cartojal-Bodecall.jpg","keywords":["dulce","M\u00e1laga","vino"],"articleSection":["Vinos"],"inLanguage":"es","potentialAction":[{"@type":"CommentAction","name":"Comment","target":["https:\/\/www.bodecall.com\/blog\/imprescindibles-de-la-feria-de-malaga\/#respond"]}]},{"@type":"WebPage","@id":"https:\/\/www.bodecall.com\/blog\/imprescindibles-de-la-feria-de-malaga\/","url":"https:\/\/www.bodecall.com\/blog\/imprescindibles-de-la-feria-de-malaga\/","name":"Imprescindibles de la Feria de M\u00e1laga - Blog de cerveza artesana y de importaci\u00f3n","isPartOf":{"@id":"https:\/\/www.bodecall.com\/blog\/#website"},"primaryImageOfPage":{"@id":"https:\/\/www.bodecall.com\/blog\/imprescindibles-de-la-feria-de-malaga\/#primaryimage"},"image":{"@id":"https:\/\/www.bodecall.com\/blog\/imprescindibles-de-la-feria-de-malaga\/#primaryimage"},"thumbnailUrl":"https:\/\/www.bodecall.com\/blog\/wp-content\/uploads\/2016\/08\/Botellas-Cartojal-Bodecall.jpg","datePublished":"2016-08-11T09:26:02+00:00","dateModified":"2022-02-09T10:47:44+00:00","breadcrumb":{"@id":"https:\/\/www.bodecall.com\/blog\/imprescindibles-de-la-feria-de-malaga\/#breadcrumb"},"inLanguage":"es","potentialAction":[{"@type":"ReadAction","target":["https:\/\/www.bodecall.com\/blog\/imprescindibles-de-la-feria-de-malaga\/"]}]},{"@type":"ImageObject","inLanguage":"es","@id":"https:\/\/www.bodecall.com\/blog\/imprescindibles-de-la-feria-de-malaga\/#primaryimage","url":"https:\/\/www.bodecall.com\/blog\/wp-content\/uploads\/2016\/08\/Botellas-Cartojal-Bodecall.jpg","contentUrl":"https:\/\/www.bodecall.com\/blog\/wp-content\/uploads\/2016\/08\/Botellas-Cartojal-Bodecall.jpg","width":670,"height":683,"caption":"Botellas Cartojal Bodecall"},{"@type":"BreadcrumbList","@id":"https:\/\/www.bodecall.com\/blog\/imprescindibles-de-la-feria-de-malaga\/#breadcrumb","itemListElement":[{"@type":"ListItem","position":1,"name":"Portada","item":"https:\/\/www.bodecall.com\/blog\/"},{"@type":"ListItem","position":2,"name":"Imprescindibles de la Feria de M\u00e1laga"}]},{"@type":"WebSite","@id":"https:\/\/www.bodecall.com\/blog\/#website","url":"https:\/\/www.bodecall.com\/blog\/","name":"Blog de cerveza artesana y de importaci\u00f3n","description":"Explora el universo de la cerveza con noticias, novedades, curiosidades y gu\u00edas en el blog de cerveza de Bodecall","publisher":{"@id":"https:\/\/www.bodecall.com\/blog\/#organization"},"potentialAction":[{"@type":"SearchAction","target":{"@type":"EntryPoint","urlTemplate":"https:\/\/www.bodecall.com\/blog\/?s={search_term_string}"},"query-input":{"@type":"PropertyValueSpecification","valueRequired":true,"valueName":"search_term_string"}}],"inLanguage":"es"},{"@type":"Organization","@id":"https:\/\/www.bodecall.com\/blog\/#organization","name":"Blog de cerveza artesana y de importaci\u00f3n","url":"https:\/\/www.bodecall.com\/blog\/","logo":{"@type":"ImageObject","inLanguage":"es","@id":"https:\/\/www.bodecall.com\/blog\/#\/schema\/logo\/image\/","url":"https:\/\/www.bodecall.com\/blog\/wp-content\/uploads\/2020\/11\/logo-bodecall-blog.jpg","contentUrl":"https:\/\/www.bodecall.com\/blog\/wp-content\/uploads\/2020\/11\/logo-bodecall-blog.jpg","width":200,"height":53,"caption":"Blog de cerveza artesana y de importaci\u00f3n"},"image":{"@id":"https:\/\/www.bodecall.com\/blog\/#\/schema\/logo\/image\/"}},{"@type":"Person","@id":"https:\/\/www.bodecall.com\/blog\/#\/schema\/person\/fed303d878bae3f832ffcc696eb33622","name":"Bodecall Cervezas Artesanas","image":{"@type":"ImageObject","inLanguage":"es","@id":"https:\/\/www.bodecall.com\/blog\/#\/schema\/person\/image\/","url":"https:\/\/secure.gravatar.com\/avatar\/4245cc729cf13e2723c8a40af0e03c5dfc48574718e46a5a9634416ff2051316?s=96&d=identicon&r=g","contentUrl":"https:\/\/secure.gravatar.com\/avatar\/4245cc729cf13e2723c8a40af0e03c5dfc48574718e46a5a9634416ff2051316?s=96&d=identicon&r=g","caption":"Bodecall Cervezas Artesanas"},"description":"En Bodecall somos especialistas en cervezas y nos encanta escribir sobre todo lo que rodea a esta deliciosa bebida: desde los procesos de elaboraci\u00f3n hasta su historia y cultura. Adem\u00e1s, nos dedicamos a seleccionar, recomendar y ofrecer las mejores cervezas artesanales, de importaci\u00f3n y cl\u00e1sicas, para que disfrutes de una experiencia \u00fanica en cada sorbo. \u00danete a nuestra comunidad cervecera y descubre con nosotros los secretos detr\u00e1s de cada cerveza.","sameAs":["http:\/\/bodecall.com","https:\/\/www.facebook.com\/bodecall","https:\/\/www.instagram.com\/bodecall_","https:\/\/x.com\/Bodecall_","https:\/\/www.youtube.com\/Bodecall-Vinos-Licores","https:\/\/www.tumblr.com\/blog\/bodecall"],"url":"https:\/\/www.bodecall.com\/blog\/author\/admin\/"}]}},"_links":{"self":[{"href":"https:\/\/www.bodecall.com\/blog\/wp-json\/wp\/v2\/posts\/1503","targetHints":{"allow":["GET"]}}],"collection":[{"href":"https:\/\/www.bodecall.com\/blog\/wp-json\/wp\/v2\/posts"}],"about":[{"href":"https:\/\/www.bodecall.com\/blog\/wp-json\/wp\/v2\/types\/post"}],"author":[{"embeddable":true,"href":"https:\/\/www.bodecall.com\/blog\/wp-json\/wp\/v2\/users\/1"}],"replies":[{"embeddable":true,"href":"https:\/\/www.bodecall.com\/blog\/wp-json\/wp\/v2\/comments?post=1503"}],"version-history":[{"count":9,"href":"https:\/\/www.bodecall.com\/blog\/wp-json\/wp\/v2\/posts\/1503\/revisions"}],"predecessor-version":[{"id":4434,"href":"https:\/\/www.bodecall.com\/blog\/wp-json\/wp\/v2\/posts\/1503\/revisions\/4434"}],"wp:featuredmedia":[{"embeddable":true,"href":"https:\/\/www.bodecall.com\/blog\/wp-json\/wp\/v2\/media\/1514"}],"wp:attachment":[{"href":"https:\/\/www.bodecall.com\/blog\/wp-json\/wp\/v2\/media?parent=1503"}],"wp:term":[{"taxonomy":"category","embeddable":true,"href":"https:\/\/www.bodecall.com\/blog\/wp-json\/wp\/v2\/categories?post=1503"},{"taxonomy":"post_tag","embeddable":true,"href":"https:\/\/www.bodecall.com\/blog\/wp-json\/wp\/v2\/tags?post=1503"}],"curies":[{"name":"wp","href":"https:\/\/api.w.org\/{rel}","templated":true}]}}