{"id":1809,"date":"2016-11-16T17:07:33","date_gmt":"2016-11-16T16:07:33","guid":{"rendered":"https:\/\/www.bodecall.com\/blog\/?p=1809"},"modified":"2016-11-17T16:23:20","modified_gmt":"2016-11-17T15:23:20","slug":"ya-esta-disponible-pruno-2015-de-finca-villacreces","status":"publish","type":"post","link":"https:\/\/www.bodecall.com\/blog\/ya-esta-disponible-pruno-2015-de-finca-villacreces\/","title":{"rendered":"Ya est\u00e1 disponible Pruno 2015, de Finca Villacreces"},"content":{"rendered":"<p>Una buena noticia para los amantes del vino: la bodega Finca Villacreces presenta estos d\u00edas la<strong> nueva a\u00f1ada<\/strong> de su vino m\u00e1s afamado, <a href=\"http:\/\/www.bodecall.com\/vinos\/tintos\/ribera-del-duero-pruno-detail\" target=\"_blank\"><strong>Pruno 2015<\/strong><\/a>. Se trata de un vino con Denominaci\u00f3n de Origen Ribera del Duero\u00a0 que ha alcanzado una gran distinci\u00f3n como el <strong>mejor vino espa\u00f1ol de la historia en relaci\u00f3n a su calidad\/precio<\/strong>.<\/p>\n<p>Pero, \u00bfqu\u00e9 es lo que hace tan especial a Pruno? Tiene muchos puntos a su favor, como su <strong>sabor frutal suave y agradable<\/strong>, gracias a su elaboraci\u00f3n con un 90% de Tempranillo y un 10% de Cabernet Sauvignon; su origen, en pleno coraz\u00f3n de <strong>Ribera del Duero<\/strong>; y tambi\u00e9n su excelente precio, que lo convierte en una <strong>opci\u00f3n muy asequible<\/strong> para tomar un vino de alta calidad. Por todas estas razones, el prestigioso e influyente cr\u00edtico vin\u00edcola estadounidense <strong>Robert Parker<\/strong> le otorg\u00f3 una calificaci\u00f3n de 93 puntos durante cuatro a\u00f1os consecutivos y lo encumbr\u00f3 como el mejor vino en su relaci\u00f3n calidad\/precio en el a\u00f1o 2015.<\/p>\n<figure id=\"attachment_1817\" aria-describedby=\"caption-attachment-1817\" style=\"width: 400px\" class=\"wp-caption aligncenter\"><img loading=\"lazy\" decoding=\"async\" class=\"wp-image-1817 size-full\" src=\"https:\/\/www.bodecall.com\/blog\/wp-content\/uploads\/2016\/11\/Pruno-botella_blog.jpg\" alt=\"Pruno nueva a\u00f1ada 2015, Ribera del Duero \" width=\"400\" height=\"450\" srcset=\"https:\/\/www.bodecall.com\/blog\/wp-content\/uploads\/2016\/11\/Pruno-botella_blog.jpg 400w, https:\/\/www.bodecall.com\/blog\/wp-content\/uploads\/2016\/11\/Pruno-botella_blog-267x300.jpg 267w\" sizes=\"auto, (max-width: 400px) 100vw, 400px\" \/><figcaption id=\"caption-attachment-1817\" class=\"wp-caption-text\">Pruno ha sido calificado en varias a\u00f1adas mejor vino del mundo por su relaci\u00f3n calidad-precio<\/figcaption><\/figure>\n<p>&nbsp;<\/p>\n<p>Por todo ello, la <strong>demanda<\/strong> de este vino se ha disparado en los \u00faltimos a\u00f1os, llegando a superar la cantidad de vino que la bodega puede obtener de sus vi\u00f1edos. Y no es de extra\u00f1ar. Por ello, Finca Villacreces ha decidido crear un sistema de gesti\u00f3n por cupos, para poder hacer un reparto equitativo en los diferentes mercados. De esta forma, en esta a\u00f1ada 2015 \u00fanicamente se han elaborado <strong>418.510 botellas<\/strong>.<\/p>\n<p>Como ya hemos mencionado, detr\u00e1s de este excelente vino se encuentra la bodega <strong>Finca Villacreces<\/strong>, situada a orillas del r\u00edo Duero, en Valladolid. Sus vi\u00f1edos, que ocupan una extensi\u00f3n de 64 hect\u00e1reas a una altura de 710 metros sobre el nivel del mar, se encuentran en un suelo muy diverso y con un clima de car\u00e1cter extremo. No obstante, la uva se encuentra protegida gracias a los bosques que rodean los vi\u00f1edos, que crean un microclima perfecto.<\/p>\n<figure id=\"attachment_1812\" aria-describedby=\"caption-attachment-1812\" style=\"width: 682px\" class=\"wp-caption aligncenter\"><img loading=\"lazy\" decoding=\"async\" class=\"wp-image-1812\" src=\"https:\/\/www.bodecall.com\/blog\/wp-content\/uploads\/2016\/11\/Finca-Villacreces_blog.jpg\" alt=\"Bodega Finca Villacreces vinos de Ribera del Duero \" width=\"682\" height=\"260\" srcset=\"https:\/\/www.bodecall.com\/blog\/wp-content\/uploads\/2016\/11\/Finca-Villacreces_blog.jpg 700w, https:\/\/www.bodecall.com\/blog\/wp-content\/uploads\/2016\/11\/Finca-Villacreces_blog-300x114.jpg 300w\" sizes=\"auto, (max-width: 682px) 100vw, 682px\" \/><figcaption id=\"caption-attachment-1812\" class=\"wp-caption-text\">Finca Villacreces del Grupo Artevino, situada en la \u201cmilla de oro de Ribera del Duero\u201d<\/figcaption><\/figure>\n<p>Los <strong>or\u00edgenes de la bodega<\/strong> se remontan al siglo XV, cuando las tierras pertenec\u00edan al fraile franciscano Pedro de Villacreces, que, con otros cl\u00e9rigos, cre\u00f3 en este lugar un sitio perfecto para la oraci\u00f3n y el cuidado de la vid. Tras la desamortizaci\u00f3n de Mendiz\u00e1bal en 1836, la finca pas\u00f3 a manos privadas, y no fue hasta mucho despu\u00e9s, en 2004, que lleg\u00f3 a manos de <strong>Gonzalo y Lalo Ant\u00f3n<\/strong>. Tras recuperar los vi\u00f1edos y remodelar la bodega, pudo reabrirse en 2007. Toda una suerte para los amantes del vino.<\/p>\n","protected":false},"excerpt":{"rendered":"<p>Una buena noticia para los amantes del vino: la bodega Finca Villacreces presenta estos d\u00edas la nueva a\u00f1ada de su<\/p>\n","protected":false},"author":1,"featured_media":1812,"comment_status":"open","ping_status":"open","sticky":false,"template":"","format":"standard","meta":{"_acf_changed":false,"footnotes":""},"categories":[3],"tags":[47,92,46,39],"class_list":["post-1809","post","type-post","status-publish","format-standard","has-post-thumbnail","hentry","category-vinos","tag-cabernet-sauvignon","tag-ribera-del-duero","tag-tempranillo","tag-vino"],"acf":[],"yoast_head":"<!-- This site is optimized with the Yoast SEO plugin v26.8 - https:\/\/yoast.com\/product\/yoast-seo-wordpress\/ -->\n<title>Ya est\u00e1 disponible Pruno 2015, de Finca Villacreces - Blog de cerveza artesana y de importaci\u00f3n<\/title>\n<meta name=\"robots\" content=\"index, follow, max-snippet:-1, max-image-preview:large, max-video-preview:-1\" \/>\n<link rel=\"canonical\" href=\"https:\/\/www.bodecall.com\/blog\/ya-esta-disponible-pruno-2015-de-finca-villacreces\/\" \/>\n<meta property=\"og:locale\" content=\"es_ES\" \/>\n<meta property=\"og:type\" content=\"article\" \/>\n<meta property=\"og:title\" content=\"Ya est\u00e1 disponible Pruno 2015, de Finca Villacreces - Blog de cerveza artesana y de importaci\u00f3n\" \/>\n<meta property=\"og:description\" content=\"Una buena noticia para los amantes del vino: la bodega Finca Villacreces presenta estos d\u00edas la nueva a\u00f1ada de su\" \/>\n<meta property=\"og:url\" content=\"https:\/\/www.bodecall.com\/blog\/ya-esta-disponible-pruno-2015-de-finca-villacreces\/\" \/>\n<meta property=\"og:site_name\" content=\"Blog de cerveza artesana y de importaci\u00f3n\" \/>\n<meta property=\"article:author\" content=\"https:\/\/www.facebook.com\/bodecall\" \/>\n<meta property=\"article:published_time\" content=\"2016-11-16T16:07:33+00:00\" \/>\n<meta property=\"article:modified_time\" content=\"2016-11-17T15:23:20+00:00\" \/>\n<meta property=\"og:image\" content=\"https:\/\/www.bodecall.com\/blog\/wp-content\/uploads\/2016\/11\/Finca-Villacreces_blog.jpg\" \/>\n\t<meta property=\"og:image:width\" content=\"700\" \/>\n\t<meta property=\"og:image:height\" content=\"267\" \/>\n\t<meta property=\"og:image:type\" content=\"image\/jpeg\" \/>\n<meta name=\"author\" content=\"Bodecall Cervezas Artesanas\" \/>\n<meta name=\"twitter:card\" content=\"summary_large_image\" \/>\n<meta name=\"twitter:creator\" content=\"@Bodecall_\" \/>\n<meta name=\"twitter:label1\" content=\"Escrito por\" \/>\n\t<meta name=\"twitter:data1\" content=\"Bodecall Cervezas Artesanas\" \/>\n\t<meta name=\"twitter:label2\" content=\"Tiempo de lectura\" \/>\n\t<meta name=\"twitter:data2\" content=\"2 minutos\" \/>\n<script type=\"application\/ld+json\" class=\"yoast-schema-graph\">{\"@context\":\"https:\/\/schema.org\",\"@graph\":[{\"@type\":\"Article\",\"@id\":\"https:\/\/www.bodecall.com\/blog\/ya-esta-disponible-pruno-2015-de-finca-villacreces\/#article\",\"isPartOf\":{\"@id\":\"https:\/\/www.bodecall.com\/blog\/ya-esta-disponible-pruno-2015-de-finca-villacreces\/\"},\"author\":{\"name\":\"Bodecall Cervezas Artesanas\",\"@id\":\"https:\/\/www.bodecall.com\/blog\/#\/schema\/person\/fed303d878bae3f832ffcc696eb33622\"},\"headline\":\"Ya est\u00e1 disponible Pruno 2015, de Finca Villacreces\",\"datePublished\":\"2016-11-16T16:07:33+00:00\",\"dateModified\":\"2016-11-17T15:23:20+00:00\",\"mainEntityOfPage\":{\"@id\":\"https:\/\/www.bodecall.com\/blog\/ya-esta-disponible-pruno-2015-de-finca-villacreces\/\"},\"wordCount\":482,\"commentCount\":0,\"publisher\":{\"@id\":\"https:\/\/www.bodecall.com\/blog\/#organization\"},\"image\":{\"@id\":\"https:\/\/www.bodecall.com\/blog\/ya-esta-disponible-pruno-2015-de-finca-villacreces\/#primaryimage\"},\"thumbnailUrl\":\"https:\/\/www.bodecall.com\/blog\/wp-content\/uploads\/2016\/11\/Finca-Villacreces_blog.jpg\",\"keywords\":[\"Cabernet Sauvignon\",\"ribera del duero\",\"Tempranillo\",\"vino\"],\"articleSection\":[\"Vinos\"],\"inLanguage\":\"es\",\"potentialAction\":[{\"@type\":\"CommentAction\",\"name\":\"Comment\",\"target\":[\"https:\/\/www.bodecall.com\/blog\/ya-esta-disponible-pruno-2015-de-finca-villacreces\/#respond\"]}]},{\"@type\":\"WebPage\",\"@id\":\"https:\/\/www.bodecall.com\/blog\/ya-esta-disponible-pruno-2015-de-finca-villacreces\/\",\"url\":\"https:\/\/www.bodecall.com\/blog\/ya-esta-disponible-pruno-2015-de-finca-villacreces\/\",\"name\":\"Ya est\u00e1 disponible Pruno 2015, de Finca Villacreces - Blog de cerveza artesana y de importaci\u00f3n\",\"isPartOf\":{\"@id\":\"https:\/\/www.bodecall.com\/blog\/#website\"},\"primaryImageOfPage\":{\"@id\":\"https:\/\/www.bodecall.com\/blog\/ya-esta-disponible-pruno-2015-de-finca-villacreces\/#primaryimage\"},\"image\":{\"@id\":\"https:\/\/www.bodecall.com\/blog\/ya-esta-disponible-pruno-2015-de-finca-villacreces\/#primaryimage\"},\"thumbnailUrl\":\"https:\/\/www.bodecall.com\/blog\/wp-content\/uploads\/2016\/11\/Finca-Villacreces_blog.jpg\",\"datePublished\":\"2016-11-16T16:07:33+00:00\",\"dateModified\":\"2016-11-17T15:23:20+00:00\",\"breadcrumb\":{\"@id\":\"https:\/\/www.bodecall.com\/blog\/ya-esta-disponible-pruno-2015-de-finca-villacreces\/#breadcrumb\"},\"inLanguage\":\"es\",\"potentialAction\":[{\"@type\":\"ReadAction\",\"target\":[\"https:\/\/www.bodecall.com\/blog\/ya-esta-disponible-pruno-2015-de-finca-villacreces\/\"]}]},{\"@type\":\"ImageObject\",\"inLanguage\":\"es\",\"@id\":\"https:\/\/www.bodecall.com\/blog\/ya-esta-disponible-pruno-2015-de-finca-villacreces\/#primaryimage\",\"url\":\"https:\/\/www.bodecall.com\/blog\/wp-content\/uploads\/2016\/11\/Finca-Villacreces_blog.jpg\",\"contentUrl\":\"https:\/\/www.bodecall.com\/blog\/wp-content\/uploads\/2016\/11\/Finca-Villacreces_blog.jpg\",\"width\":700,\"height\":267,\"caption\":\"Finca Villacreces\"},{\"@type\":\"BreadcrumbList\",\"@id\":\"https:\/\/www.bodecall.com\/blog\/ya-esta-disponible-pruno-2015-de-finca-villacreces\/#breadcrumb\",\"itemListElement\":[{\"@type\":\"ListItem\",\"position\":1,\"name\":\"Portada\",\"item\":\"https:\/\/www.bodecall.com\/blog\/\"},{\"@type\":\"ListItem\",\"position\":2,\"name\":\"Ya est\u00e1 disponible Pruno 2015, de Finca Villacreces\"}]},{\"@type\":\"WebSite\",\"@id\":\"https:\/\/www.bodecall.com\/blog\/#website\",\"url\":\"https:\/\/www.bodecall.com\/blog\/\",\"name\":\"Blog de cerveza artesana y de importaci\u00f3n\",\"description\":\"Explora el universo de la cerveza con noticias, novedades, curiosidades y gu\u00edas en el blog de cerveza de Bodecall\",\"publisher\":{\"@id\":\"https:\/\/www.bodecall.com\/blog\/#organization\"},\"potentialAction\":[{\"@type\":\"SearchAction\",\"target\":{\"@type\":\"EntryPoint\",\"urlTemplate\":\"https:\/\/www.bodecall.com\/blog\/?s={search_term_string}\"},\"query-input\":{\"@type\":\"PropertyValueSpecification\",\"valueRequired\":true,\"valueName\":\"search_term_string\"}}],\"inLanguage\":\"es\"},{\"@type\":\"Organization\",\"@id\":\"https:\/\/www.bodecall.com\/blog\/#organization\",\"name\":\"Blog de cerveza artesana y de importaci\u00f3n\",\"url\":\"https:\/\/www.bodecall.com\/blog\/\",\"logo\":{\"@type\":\"ImageObject\",\"inLanguage\":\"es\",\"@id\":\"https:\/\/www.bodecall.com\/blog\/#\/schema\/logo\/image\/\",\"url\":\"https:\/\/www.bodecall.com\/blog\/wp-content\/uploads\/2020\/11\/logo-bodecall-blog.jpg\",\"contentUrl\":\"https:\/\/www.bodecall.com\/blog\/wp-content\/uploads\/2020\/11\/logo-bodecall-blog.jpg\",\"width\":200,\"height\":53,\"caption\":\"Blog de cerveza artesana y de importaci\u00f3n\"},\"image\":{\"@id\":\"https:\/\/www.bodecall.com\/blog\/#\/schema\/logo\/image\/\"}},{\"@type\":\"Person\",\"@id\":\"https:\/\/www.bodecall.com\/blog\/#\/schema\/person\/fed303d878bae3f832ffcc696eb33622\",\"name\":\"Bodecall Cervezas Artesanas\",\"image\":{\"@type\":\"ImageObject\",\"inLanguage\":\"es\",\"@id\":\"https:\/\/www.bodecall.com\/blog\/#\/schema\/person\/image\/\",\"url\":\"https:\/\/secure.gravatar.com\/avatar\/4245cc729cf13e2723c8a40af0e03c5dfc48574718e46a5a9634416ff2051316?s=96&d=identicon&r=g\",\"contentUrl\":\"https:\/\/secure.gravatar.com\/avatar\/4245cc729cf13e2723c8a40af0e03c5dfc48574718e46a5a9634416ff2051316?s=96&d=identicon&r=g\",\"caption\":\"Bodecall Cervezas Artesanas\"},\"description\":\"En Bodecall somos especialistas en cervezas y nos encanta escribir sobre todo lo que rodea a esta deliciosa bebida: desde los procesos de elaboraci\u00f3n hasta su historia y cultura. Adem\u00e1s, nos dedicamos a seleccionar, recomendar y ofrecer las mejores cervezas artesanales, de importaci\u00f3n y cl\u00e1sicas, para que disfrutes de una experiencia \u00fanica en cada sorbo. \u00danete a nuestra comunidad cervecera y descubre con nosotros los secretos detr\u00e1s de cada cerveza.\",\"sameAs\":[\"http:\/\/bodecall.com\",\"https:\/\/www.facebook.com\/bodecall\",\"https:\/\/www.instagram.com\/bodecall_\",\"https:\/\/x.com\/Bodecall_\",\"https:\/\/www.youtube.com\/Bodecall-Vinos-Licores\",\"https:\/\/www.tumblr.com\/blog\/bodecall\"],\"url\":\"https:\/\/www.bodecall.com\/blog\/author\/admin\/\"}]}<\/script>\n<!-- \/ Yoast SEO plugin. -->","yoast_head_json":{"title":"Ya est\u00e1 disponible Pruno 2015, de Finca Villacreces - Blog de cerveza artesana y de importaci\u00f3n","robots":{"index":"index","follow":"follow","max-snippet":"max-snippet:-1","max-image-preview":"max-image-preview:large","max-video-preview":"max-video-preview:-1"},"canonical":"https:\/\/www.bodecall.com\/blog\/ya-esta-disponible-pruno-2015-de-finca-villacreces\/","og_locale":"es_ES","og_type":"article","og_title":"Ya est\u00e1 disponible Pruno 2015, de Finca Villacreces - Blog de cerveza artesana y de importaci\u00f3n","og_description":"Una buena noticia para los amantes del vino: la bodega Finca Villacreces presenta estos d\u00edas la nueva a\u00f1ada de su","og_url":"https:\/\/www.bodecall.com\/blog\/ya-esta-disponible-pruno-2015-de-finca-villacreces\/","og_site_name":"Blog de cerveza artesana y de importaci\u00f3n","article_author":"https:\/\/www.facebook.com\/bodecall","article_published_time":"2016-11-16T16:07:33+00:00","article_modified_time":"2016-11-17T15:23:20+00:00","og_image":[{"width":700,"height":267,"url":"https:\/\/www.bodecall.com\/blog\/wp-content\/uploads\/2016\/11\/Finca-Villacreces_blog.jpg","type":"image\/jpeg"}],"author":"Bodecall Cervezas Artesanas","twitter_card":"summary_large_image","twitter_creator":"@Bodecall_","twitter_misc":{"Escrito por":"Bodecall Cervezas Artesanas","Tiempo de lectura":"2 minutos"},"schema":{"@context":"https:\/\/schema.org","@graph":[{"@type":"Article","@id":"https:\/\/www.bodecall.com\/blog\/ya-esta-disponible-pruno-2015-de-finca-villacreces\/#article","isPartOf":{"@id":"https:\/\/www.bodecall.com\/blog\/ya-esta-disponible-pruno-2015-de-finca-villacreces\/"},"author":{"name":"Bodecall Cervezas Artesanas","@id":"https:\/\/www.bodecall.com\/blog\/#\/schema\/person\/fed303d878bae3f832ffcc696eb33622"},"headline":"Ya est\u00e1 disponible Pruno 2015, de Finca Villacreces","datePublished":"2016-11-16T16:07:33+00:00","dateModified":"2016-11-17T15:23:20+00:00","mainEntityOfPage":{"@id":"https:\/\/www.bodecall.com\/blog\/ya-esta-disponible-pruno-2015-de-finca-villacreces\/"},"wordCount":482,"commentCount":0,"publisher":{"@id":"https:\/\/www.bodecall.com\/blog\/#organization"},"image":{"@id":"https:\/\/www.bodecall.com\/blog\/ya-esta-disponible-pruno-2015-de-finca-villacreces\/#primaryimage"},"thumbnailUrl":"https:\/\/www.bodecall.com\/blog\/wp-content\/uploads\/2016\/11\/Finca-Villacreces_blog.jpg","keywords":["Cabernet Sauvignon","ribera del duero","Tempranillo","vino"],"articleSection":["Vinos"],"inLanguage":"es","potentialAction":[{"@type":"CommentAction","name":"Comment","target":["https:\/\/www.bodecall.com\/blog\/ya-esta-disponible-pruno-2015-de-finca-villacreces\/#respond"]}]},{"@type":"WebPage","@id":"https:\/\/www.bodecall.com\/blog\/ya-esta-disponible-pruno-2015-de-finca-villacreces\/","url":"https:\/\/www.bodecall.com\/blog\/ya-esta-disponible-pruno-2015-de-finca-villacreces\/","name":"Ya est\u00e1 disponible Pruno 2015, de Finca Villacreces - Blog de cerveza artesana y de importaci\u00f3n","isPartOf":{"@id":"https:\/\/www.bodecall.com\/blog\/#website"},"primaryImageOfPage":{"@id":"https:\/\/www.bodecall.com\/blog\/ya-esta-disponible-pruno-2015-de-finca-villacreces\/#primaryimage"},"image":{"@id":"https:\/\/www.bodecall.com\/blog\/ya-esta-disponible-pruno-2015-de-finca-villacreces\/#primaryimage"},"thumbnailUrl":"https:\/\/www.bodecall.com\/blog\/wp-content\/uploads\/2016\/11\/Finca-Villacreces_blog.jpg","datePublished":"2016-11-16T16:07:33+00:00","dateModified":"2016-11-17T15:23:20+00:00","breadcrumb":{"@id":"https:\/\/www.bodecall.com\/blog\/ya-esta-disponible-pruno-2015-de-finca-villacreces\/#breadcrumb"},"inLanguage":"es","potentialAction":[{"@type":"ReadAction","target":["https:\/\/www.bodecall.com\/blog\/ya-esta-disponible-pruno-2015-de-finca-villacreces\/"]}]},{"@type":"ImageObject","inLanguage":"es","@id":"https:\/\/www.bodecall.com\/blog\/ya-esta-disponible-pruno-2015-de-finca-villacreces\/#primaryimage","url":"https:\/\/www.bodecall.com\/blog\/wp-content\/uploads\/2016\/11\/Finca-Villacreces_blog.jpg","contentUrl":"https:\/\/www.bodecall.com\/blog\/wp-content\/uploads\/2016\/11\/Finca-Villacreces_blog.jpg","width":700,"height":267,"caption":"Finca Villacreces"},{"@type":"BreadcrumbList","@id":"https:\/\/www.bodecall.com\/blog\/ya-esta-disponible-pruno-2015-de-finca-villacreces\/#breadcrumb","itemListElement":[{"@type":"ListItem","position":1,"name":"Portada","item":"https:\/\/www.bodecall.com\/blog\/"},{"@type":"ListItem","position":2,"name":"Ya est\u00e1 disponible Pruno 2015, de Finca Villacreces"}]},{"@type":"WebSite","@id":"https:\/\/www.bodecall.com\/blog\/#website","url":"https:\/\/www.bodecall.com\/blog\/","name":"Blog de cerveza artesana y de importaci\u00f3n","description":"Explora el universo de la cerveza con noticias, novedades, curiosidades y gu\u00edas en el blog de cerveza de Bodecall","publisher":{"@id":"https:\/\/www.bodecall.com\/blog\/#organization"},"potentialAction":[{"@type":"SearchAction","target":{"@type":"EntryPoint","urlTemplate":"https:\/\/www.bodecall.com\/blog\/?s={search_term_string}"},"query-input":{"@type":"PropertyValueSpecification","valueRequired":true,"valueName":"search_term_string"}}],"inLanguage":"es"},{"@type":"Organization","@id":"https:\/\/www.bodecall.com\/blog\/#organization","name":"Blog de cerveza artesana y de importaci\u00f3n","url":"https:\/\/www.bodecall.com\/blog\/","logo":{"@type":"ImageObject","inLanguage":"es","@id":"https:\/\/www.bodecall.com\/blog\/#\/schema\/logo\/image\/","url":"https:\/\/www.bodecall.com\/blog\/wp-content\/uploads\/2020\/11\/logo-bodecall-blog.jpg","contentUrl":"https:\/\/www.bodecall.com\/blog\/wp-content\/uploads\/2020\/11\/logo-bodecall-blog.jpg","width":200,"height":53,"caption":"Blog de cerveza artesana y de importaci\u00f3n"},"image":{"@id":"https:\/\/www.bodecall.com\/blog\/#\/schema\/logo\/image\/"}},{"@type":"Person","@id":"https:\/\/www.bodecall.com\/blog\/#\/schema\/person\/fed303d878bae3f832ffcc696eb33622","name":"Bodecall Cervezas Artesanas","image":{"@type":"ImageObject","inLanguage":"es","@id":"https:\/\/www.bodecall.com\/blog\/#\/schema\/person\/image\/","url":"https:\/\/secure.gravatar.com\/avatar\/4245cc729cf13e2723c8a40af0e03c5dfc48574718e46a5a9634416ff2051316?s=96&d=identicon&r=g","contentUrl":"https:\/\/secure.gravatar.com\/avatar\/4245cc729cf13e2723c8a40af0e03c5dfc48574718e46a5a9634416ff2051316?s=96&d=identicon&r=g","caption":"Bodecall Cervezas Artesanas"},"description":"En Bodecall somos especialistas en cervezas y nos encanta escribir sobre todo lo que rodea a esta deliciosa bebida: desde los procesos de elaboraci\u00f3n hasta su historia y cultura. Adem\u00e1s, nos dedicamos a seleccionar, recomendar y ofrecer las mejores cervezas artesanales, de importaci\u00f3n y cl\u00e1sicas, para que disfrutes de una experiencia \u00fanica en cada sorbo. \u00danete a nuestra comunidad cervecera y descubre con nosotros los secretos detr\u00e1s de cada cerveza.","sameAs":["http:\/\/bodecall.com","https:\/\/www.facebook.com\/bodecall","https:\/\/www.instagram.com\/bodecall_","https:\/\/x.com\/Bodecall_","https:\/\/www.youtube.com\/Bodecall-Vinos-Licores","https:\/\/www.tumblr.com\/blog\/bodecall"],"url":"https:\/\/www.bodecall.com\/blog\/author\/admin\/"}]}},"_links":{"self":[{"href":"https:\/\/www.bodecall.com\/blog\/wp-json\/wp\/v2\/posts\/1809","targetHints":{"allow":["GET"]}}],"collection":[{"href":"https:\/\/www.bodecall.com\/blog\/wp-json\/wp\/v2\/posts"}],"about":[{"href":"https:\/\/www.bodecall.com\/blog\/wp-json\/wp\/v2\/types\/post"}],"author":[{"embeddable":true,"href":"https:\/\/www.bodecall.com\/blog\/wp-json\/wp\/v2\/users\/1"}],"replies":[{"embeddable":true,"href":"https:\/\/www.bodecall.com\/blog\/wp-json\/wp\/v2\/comments?post=1809"}],"version-history":[{"count":13,"href":"https:\/\/www.bodecall.com\/blog\/wp-json\/wp\/v2\/posts\/1809\/revisions"}],"predecessor-version":[{"id":1828,"href":"https:\/\/www.bodecall.com\/blog\/wp-json\/wp\/v2\/posts\/1809\/revisions\/1828"}],"wp:featuredmedia":[{"embeddable":true,"href":"https:\/\/www.bodecall.com\/blog\/wp-json\/wp\/v2\/media\/1812"}],"wp:attachment":[{"href":"https:\/\/www.bodecall.com\/blog\/wp-json\/wp\/v2\/media?parent=1809"}],"wp:term":[{"taxonomy":"category","embeddable":true,"href":"https:\/\/www.bodecall.com\/blog\/wp-json\/wp\/v2\/categories?post=1809"},{"taxonomy":"post_tag","embeddable":true,"href":"https:\/\/www.bodecall.com\/blog\/wp-json\/wp\/v2\/tags?post=1809"}],"curies":[{"name":"wp","href":"https:\/\/api.w.org\/{rel}","templated":true}]}}