{"id":1861,"date":"2016-12-07T15:58:20","date_gmt":"2016-12-07T14:58:20","guid":{"rendered":"https:\/\/www.bodecall.com\/blog\/?p=1861"},"modified":"2021-03-22T16:34:53","modified_gmt":"2021-03-22T15:34:53","slug":"vina-ijalba-vinos-ecologicos-de-la-rioja","status":"publish","type":"post","link":"https:\/\/www.bodecall.com\/blog\/vina-ijalba-vinos-ecologicos-de-la-rioja\/","title":{"rendered":"Vi\u00f1a Ijalba, vinos ecol\u00f3gicos de La Rioja"},"content":{"rendered":"<p style=\"text-align: left;\">El <strong>respeto por el medio ambiente y la ecolog\u00eda<\/strong> es un asunto de gran importancia que a muchos nos tiene preocupados. Cada vez m\u00e1s, las empresas de diferentes sectores se van concienciando sobre pr\u00e1cticas que cuiden el entorno y la elaboraci\u00f3n de productos m\u00e1s naturales; y el mundo del vino no es una excepci\u00f3n. Ya hemos hablado con anterioridad sobre <strong>vinos ecol\u00f3gicos<\/strong>, m\u00e1s saludables y de gran calidad, y hoy queremos continuar con Bodegas Vi\u00f1a Ijalba.<\/p>\n<p>La historia de <strong>Bodegas Vi\u00f1a Ijalba<\/strong> comenz\u00f3 en 1975 con Dionisio Ruiz Ijalba, un conocido industrial que se dedicaba a la extracci\u00f3n de aglomerados y grava de los suelos de La Rioja. Como se puede imaginar, las <strong>tierras explotadas<\/strong> quedaban en mal estado, pues se encontraban en laderas con poca profundidad de tierra f\u00e9rtil para cultivos y con numerosas piedras. Sin embargo, Dionisio decidi\u00f3 que estas tierras se pod\u00edan recuperar, y decidi\u00f3 <strong>plantar vi\u00f1as en ellas<\/strong>. De este modo, recubri\u00f3 las minas abandonadas con una capa de tierra pobre caliza de unos 50 cent\u00edmetros de espesor y comenz\u00f3 su extensi\u00f3n de vi\u00f1edos.<\/p>\n<p style=\"text-align: center;\"><img loading=\"lazy\" decoding=\"async\" class=\"wp-image-3740 size-full aligncenter\" src=\"https:\/\/www.bodecall.com\/blog\/wp-content\/uploads\/2016\/12\/Vina-Ijalba-1.jpg\" alt=\"\" width=\"604\" height=\"363\" srcset=\"https:\/\/www.bodecall.com\/blog\/wp-content\/uploads\/2016\/12\/Vina-Ijalba-1.jpg 604w, https:\/\/www.bodecall.com\/blog\/wp-content\/uploads\/2016\/12\/Vina-Ijalba-1-300x180.jpg 300w\" sizes=\"auto, (max-width: 604px) 100vw, 604px\" \/>Extensi\u00f3n de vi\u00f1edos de Vi\u00f1a Ijalba, plantados sobre minas recuperadas<\/p>\n<p>Poco a poco, las tierras recuperadas se utilizaron de forma muy similar a las <strong>zonas tradicionales de viticultura de calidad<\/strong>, obteni\u00e9ndose de los vi\u00f1edos uvas perfectas para la elaboraci\u00f3n de vino. Adem\u00e1s, todas las actividades de la bodega se realizan observando un <strong>gran respeto por el medio ambiente<\/strong>: todas sus actividades se llevan a cabo de forma natural, sin ning\u00fan tipo de aditivo. Los deshechos se reciclan, y se depuran las aguas residuales. Los cultuvos se cuidan sin necesidad de abonos qu\u00edmicos, herbicidas o productos fitosanitarios. Todo ello se nota en el sabor del vino, y tambi\u00e9n en sus magn\u00edficas <strong>propiedades para la salud<\/strong>, mejores que las de otros vinos no ecol\u00f3gicos por su elaboraci\u00f3n completamente natural.<\/p>\n<p>\u00bfQuieres conocer sus vinos? De momento <strong>resaltamos dos vinos j\u00f3venes<\/strong>:<\/p>\n<p style=\"text-align: left;\"><strong>Ijalba Blanco Genol\u00ed<\/strong><\/p>\n<p style=\"text-align: center;\"><a href=\"http:\/\/www.bodecall.com\/vinos\/blancos\/ijalba-blanco-genol-detail\" target=\"_blank\" rel=\"noopener\"><img loading=\"lazy\" decoding=\"async\" class=\"wp-image-1869 aligncenter\" src=\"https:\/\/www.bodecall.com\/blog\/wp-content\/uploads\/2016\/12\/ijalba-blanco-genoli.jpg\" alt=\"Botella vino blanco seco Ijalba Genoli\" width=\"180\" height=\"340\" srcset=\"https:\/\/www.bodecall.com\/blog\/wp-content\/uploads\/2016\/12\/ijalba-blanco-genoli.jpg 265w, https:\/\/www.bodecall.com\/blog\/wp-content\/uploads\/2016\/12\/ijalba-blanco-genoli-159x300.jpg 159w\" sizes=\"auto, (max-width: 180px) 100vw, 180px\" \/><\/a>Vino blanco ecol\u00f3gico Ijalba Genoli<\/p>\n<p>Se trata de un <strong>vino blanco seco<\/strong> elaborado en su mayor parte con uva <strong>Viura<\/strong>, recogida de la zona m\u00e1s fresca de vi\u00f1edos, por ser m\u00e1s equilibrada. Posee aromas frutales, a c\u00edtricos y manzana, y es fresco al paladar. Contiene 12,5 grados de alcohol.<\/p>\n<p style=\"text-align: left;\"><strong>Ijalba Tempranillo Livor<\/strong><\/p>\n<p style=\"text-align: center;\"><a href=\"http:\/\/www.bodecall.com\/vinos\/tintos\/ijalba-tempranillo-livor-detail\" target=\"_blank\" rel=\"noopener\"><img loading=\"lazy\" decoding=\"async\" class=\"wp-image-1870 aligncenter\" src=\"https:\/\/www.bodecall.com\/blog\/wp-content\/uploads\/2016\/12\/ijalba-tempranillo-livor.jpg\" alt=\"Botella de Ijalba Tinto Tempranillo Livor\" width=\"180\" height=\"340\" srcset=\"https:\/\/www.bodecall.com\/blog\/wp-content\/uploads\/2016\/12\/ijalba-tempranillo-livor.jpg 265w, https:\/\/www.bodecall.com\/blog\/wp-content\/uploads\/2016\/12\/ijalba-tempranillo-livor-159x300.jpg 159w\" sizes=\"auto, (max-width: 180px) 100vw, 180px\" \/><\/a>Vino tinto joven Ijalba Livor<\/p>\n<p>Vino <strong>tinto joven monovarietal de Tempranillo<\/strong>. En su nota de cata destaca la <strong>presencia frutal<\/strong> gracias a su prolongada maceraci\u00f3n, tanto a la nariz como al paladar, predominando las frutas rojas, como por ejemplo las bayas. Su graduaci\u00f3n alcoh\u00f3lica es del 13%.<\/p>\n","protected":false},"excerpt":{"rendered":"<p>El respeto por el medio ambiente y la ecolog\u00eda es un asunto de gran importancia que a muchos nos tiene<\/p>\n","protected":false},"author":1,"featured_media":3740,"comment_status":"open","ping_status":"open","sticky":false,"template":"","format":"standard","meta":{"_acf_changed":false,"footnotes":""},"categories":[3],"tags":[46,43,39,86],"class_list":["post-1861","post","type-post","status-publish","format-standard","has-post-thumbnail","hentry","category-vinos","tag-tempranillo","tag-tinto","tag-vino","tag-vino-blanco"],"acf":[],"yoast_head":"<!-- This site is optimized with the Yoast SEO plugin v26.8 - https:\/\/yoast.com\/product\/yoast-seo-wordpress\/ -->\n<title>Vi\u00f1a Ijalba, vinos ecol\u00f3gicos de La Rioja - Blog de cerveza artesana y de importaci\u00f3n<\/title>\n<meta name=\"robots\" content=\"index, follow, max-snippet:-1, max-image-preview:large, max-video-preview:-1\" \/>\n<link rel=\"canonical\" href=\"https:\/\/www.bodecall.com\/blog\/vina-ijalba-vinos-ecologicos-de-la-rioja\/\" \/>\n<meta property=\"og:locale\" content=\"es_ES\" \/>\n<meta property=\"og:type\" content=\"article\" \/>\n<meta property=\"og:title\" content=\"Vi\u00f1a Ijalba, vinos ecol\u00f3gicos de La Rioja - Blog de cerveza artesana y de importaci\u00f3n\" \/>\n<meta property=\"og:description\" content=\"El respeto por el medio ambiente y la ecolog\u00eda es un asunto de gran importancia que a muchos nos tiene\" \/>\n<meta property=\"og:url\" content=\"https:\/\/www.bodecall.com\/blog\/vina-ijalba-vinos-ecologicos-de-la-rioja\/\" \/>\n<meta property=\"og:site_name\" content=\"Blog de cerveza artesana y de importaci\u00f3n\" \/>\n<meta property=\"article:author\" content=\"https:\/\/www.facebook.com\/bodecall\" \/>\n<meta property=\"article:published_time\" content=\"2016-12-07T14:58:20+00:00\" \/>\n<meta property=\"article:modified_time\" content=\"2021-03-22T15:34:53+00:00\" \/>\n<meta property=\"og:image\" content=\"https:\/\/www.bodecall.com\/blog\/wp-content\/uploads\/2016\/12\/Vina-Ijalba-1.jpg\" \/>\n\t<meta property=\"og:image:width\" content=\"604\" \/>\n\t<meta property=\"og:image:height\" content=\"363\" \/>\n\t<meta property=\"og:image:type\" content=\"image\/jpeg\" \/>\n<meta name=\"author\" content=\"Bodecall Cervezas Artesanas\" \/>\n<meta name=\"twitter:card\" content=\"summary_large_image\" \/>\n<meta name=\"twitter:creator\" content=\"@Bodecall_\" \/>\n<meta name=\"twitter:label1\" content=\"Escrito por\" \/>\n\t<meta name=\"twitter:data1\" content=\"Bodecall Cervezas Artesanas\" \/>\n\t<meta name=\"twitter:label2\" content=\"Tiempo de lectura\" \/>\n\t<meta name=\"twitter:data2\" content=\"3 minutos\" \/>\n<script type=\"application\/ld+json\" class=\"yoast-schema-graph\">{\"@context\":\"https:\/\/schema.org\",\"@graph\":[{\"@type\":\"Article\",\"@id\":\"https:\/\/www.bodecall.com\/blog\/vina-ijalba-vinos-ecologicos-de-la-rioja\/#article\",\"isPartOf\":{\"@id\":\"https:\/\/www.bodecall.com\/blog\/vina-ijalba-vinos-ecologicos-de-la-rioja\/\"},\"author\":{\"name\":\"Bodecall Cervezas Artesanas\",\"@id\":\"https:\/\/www.bodecall.com\/blog\/#\/schema\/person\/fed303d878bae3f832ffcc696eb33622\"},\"headline\":\"Vi\u00f1a Ijalba, vinos ecol\u00f3gicos de La Rioja\",\"datePublished\":\"2016-12-07T14:58:20+00:00\",\"dateModified\":\"2021-03-22T15:34:53+00:00\",\"mainEntityOfPage\":{\"@id\":\"https:\/\/www.bodecall.com\/blog\/vina-ijalba-vinos-ecologicos-de-la-rioja\/\"},\"wordCount\":461,\"commentCount\":0,\"publisher\":{\"@id\":\"https:\/\/www.bodecall.com\/blog\/#organization\"},\"image\":{\"@id\":\"https:\/\/www.bodecall.com\/blog\/vina-ijalba-vinos-ecologicos-de-la-rioja\/#primaryimage\"},\"thumbnailUrl\":\"https:\/\/www.bodecall.com\/blog\/wp-content\/uploads\/2016\/12\/Vina-Ijalba-1.jpg\",\"keywords\":[\"Tempranillo\",\"tinto\",\"vino\",\"vino blanco\"],\"articleSection\":[\"Vinos\"],\"inLanguage\":\"es\",\"potentialAction\":[{\"@type\":\"CommentAction\",\"name\":\"Comment\",\"target\":[\"https:\/\/www.bodecall.com\/blog\/vina-ijalba-vinos-ecologicos-de-la-rioja\/#respond\"]}]},{\"@type\":\"WebPage\",\"@id\":\"https:\/\/www.bodecall.com\/blog\/vina-ijalba-vinos-ecologicos-de-la-rioja\/\",\"url\":\"https:\/\/www.bodecall.com\/blog\/vina-ijalba-vinos-ecologicos-de-la-rioja\/\",\"name\":\"Vi\u00f1a Ijalba, vinos ecol\u00f3gicos de La Rioja - Blog de cerveza artesana y de importaci\u00f3n\",\"isPartOf\":{\"@id\":\"https:\/\/www.bodecall.com\/blog\/#website\"},\"primaryImageOfPage\":{\"@id\":\"https:\/\/www.bodecall.com\/blog\/vina-ijalba-vinos-ecologicos-de-la-rioja\/#primaryimage\"},\"image\":{\"@id\":\"https:\/\/www.bodecall.com\/blog\/vina-ijalba-vinos-ecologicos-de-la-rioja\/#primaryimage\"},\"thumbnailUrl\":\"https:\/\/www.bodecall.com\/blog\/wp-content\/uploads\/2016\/12\/Vina-Ijalba-1.jpg\",\"datePublished\":\"2016-12-07T14:58:20+00:00\",\"dateModified\":\"2021-03-22T15:34:53+00:00\",\"breadcrumb\":{\"@id\":\"https:\/\/www.bodecall.com\/blog\/vina-ijalba-vinos-ecologicos-de-la-rioja\/#breadcrumb\"},\"inLanguage\":\"es\",\"potentialAction\":[{\"@type\":\"ReadAction\",\"target\":[\"https:\/\/www.bodecall.com\/blog\/vina-ijalba-vinos-ecologicos-de-la-rioja\/\"]}]},{\"@type\":\"ImageObject\",\"inLanguage\":\"es\",\"@id\":\"https:\/\/www.bodecall.com\/blog\/vina-ijalba-vinos-ecologicos-de-la-rioja\/#primaryimage\",\"url\":\"https:\/\/www.bodecall.com\/blog\/wp-content\/uploads\/2016\/12\/Vina-Ijalba-1.jpg\",\"contentUrl\":\"https:\/\/www.bodecall.com\/blog\/wp-content\/uploads\/2016\/12\/Vina-Ijalba-1.jpg\",\"width\":604,\"height\":363},{\"@type\":\"BreadcrumbList\",\"@id\":\"https:\/\/www.bodecall.com\/blog\/vina-ijalba-vinos-ecologicos-de-la-rioja\/#breadcrumb\",\"itemListElement\":[{\"@type\":\"ListItem\",\"position\":1,\"name\":\"Portada\",\"item\":\"https:\/\/www.bodecall.com\/blog\/\"},{\"@type\":\"ListItem\",\"position\":2,\"name\":\"Vi\u00f1a Ijalba, vinos ecol\u00f3gicos de La Rioja\"}]},{\"@type\":\"WebSite\",\"@id\":\"https:\/\/www.bodecall.com\/blog\/#website\",\"url\":\"https:\/\/www.bodecall.com\/blog\/\",\"name\":\"Blog de cerveza artesana y de importaci\u00f3n\",\"description\":\"Explora el universo de la cerveza con noticias, novedades, curiosidades y gu\u00edas en el blog de cerveza de Bodecall\",\"publisher\":{\"@id\":\"https:\/\/www.bodecall.com\/blog\/#organization\"},\"potentialAction\":[{\"@type\":\"SearchAction\",\"target\":{\"@type\":\"EntryPoint\",\"urlTemplate\":\"https:\/\/www.bodecall.com\/blog\/?s={search_term_string}\"},\"query-input\":{\"@type\":\"PropertyValueSpecification\",\"valueRequired\":true,\"valueName\":\"search_term_string\"}}],\"inLanguage\":\"es\"},{\"@type\":\"Organization\",\"@id\":\"https:\/\/www.bodecall.com\/blog\/#organization\",\"name\":\"Blog de cerveza artesana y de importaci\u00f3n\",\"url\":\"https:\/\/www.bodecall.com\/blog\/\",\"logo\":{\"@type\":\"ImageObject\",\"inLanguage\":\"es\",\"@id\":\"https:\/\/www.bodecall.com\/blog\/#\/schema\/logo\/image\/\",\"url\":\"https:\/\/www.bodecall.com\/blog\/wp-content\/uploads\/2020\/11\/logo-bodecall-blog.jpg\",\"contentUrl\":\"https:\/\/www.bodecall.com\/blog\/wp-content\/uploads\/2020\/11\/logo-bodecall-blog.jpg\",\"width\":200,\"height\":53,\"caption\":\"Blog de cerveza artesana y de importaci\u00f3n\"},\"image\":{\"@id\":\"https:\/\/www.bodecall.com\/blog\/#\/schema\/logo\/image\/\"}},{\"@type\":\"Person\",\"@id\":\"https:\/\/www.bodecall.com\/blog\/#\/schema\/person\/fed303d878bae3f832ffcc696eb33622\",\"name\":\"Bodecall Cervezas Artesanas\",\"image\":{\"@type\":\"ImageObject\",\"inLanguage\":\"es\",\"@id\":\"https:\/\/www.bodecall.com\/blog\/#\/schema\/person\/image\/\",\"url\":\"https:\/\/secure.gravatar.com\/avatar\/4245cc729cf13e2723c8a40af0e03c5dfc48574718e46a5a9634416ff2051316?s=96&d=identicon&r=g\",\"contentUrl\":\"https:\/\/secure.gravatar.com\/avatar\/4245cc729cf13e2723c8a40af0e03c5dfc48574718e46a5a9634416ff2051316?s=96&d=identicon&r=g\",\"caption\":\"Bodecall Cervezas Artesanas\"},\"description\":\"En Bodecall somos especialistas en cervezas y nos encanta escribir sobre todo lo que rodea a esta deliciosa bebida: desde los procesos de elaboraci\u00f3n hasta su historia y cultura. Adem\u00e1s, nos dedicamos a seleccionar, recomendar y ofrecer las mejores cervezas artesanales, de importaci\u00f3n y cl\u00e1sicas, para que disfrutes de una experiencia \u00fanica en cada sorbo. \u00danete a nuestra comunidad cervecera y descubre con nosotros los secretos detr\u00e1s de cada cerveza.\",\"sameAs\":[\"http:\/\/bodecall.com\",\"https:\/\/www.facebook.com\/bodecall\",\"https:\/\/www.instagram.com\/bodecall_\",\"https:\/\/x.com\/Bodecall_\",\"https:\/\/www.youtube.com\/Bodecall-Vinos-Licores\",\"https:\/\/www.tumblr.com\/blog\/bodecall\"],\"url\":\"https:\/\/www.bodecall.com\/blog\/author\/admin\/\"}]}<\/script>\n<!-- \/ Yoast SEO plugin. -->","yoast_head_json":{"title":"Vi\u00f1a Ijalba, vinos ecol\u00f3gicos de La Rioja - Blog de cerveza artesana y de importaci\u00f3n","robots":{"index":"index","follow":"follow","max-snippet":"max-snippet:-1","max-image-preview":"max-image-preview:large","max-video-preview":"max-video-preview:-1"},"canonical":"https:\/\/www.bodecall.com\/blog\/vina-ijalba-vinos-ecologicos-de-la-rioja\/","og_locale":"es_ES","og_type":"article","og_title":"Vi\u00f1a Ijalba, vinos ecol\u00f3gicos de La Rioja - Blog de cerveza artesana y de importaci\u00f3n","og_description":"El respeto por el medio ambiente y la ecolog\u00eda es un asunto de gran importancia que a muchos nos tiene","og_url":"https:\/\/www.bodecall.com\/blog\/vina-ijalba-vinos-ecologicos-de-la-rioja\/","og_site_name":"Blog de cerveza artesana y de importaci\u00f3n","article_author":"https:\/\/www.facebook.com\/bodecall","article_published_time":"2016-12-07T14:58:20+00:00","article_modified_time":"2021-03-22T15:34:53+00:00","og_image":[{"width":604,"height":363,"url":"https:\/\/www.bodecall.com\/blog\/wp-content\/uploads\/2016\/12\/Vina-Ijalba-1.jpg","type":"image\/jpeg"}],"author":"Bodecall Cervezas Artesanas","twitter_card":"summary_large_image","twitter_creator":"@Bodecall_","twitter_misc":{"Escrito por":"Bodecall Cervezas Artesanas","Tiempo de lectura":"3 minutos"},"schema":{"@context":"https:\/\/schema.org","@graph":[{"@type":"Article","@id":"https:\/\/www.bodecall.com\/blog\/vina-ijalba-vinos-ecologicos-de-la-rioja\/#article","isPartOf":{"@id":"https:\/\/www.bodecall.com\/blog\/vina-ijalba-vinos-ecologicos-de-la-rioja\/"},"author":{"name":"Bodecall Cervezas Artesanas","@id":"https:\/\/www.bodecall.com\/blog\/#\/schema\/person\/fed303d878bae3f832ffcc696eb33622"},"headline":"Vi\u00f1a Ijalba, vinos ecol\u00f3gicos de La Rioja","datePublished":"2016-12-07T14:58:20+00:00","dateModified":"2021-03-22T15:34:53+00:00","mainEntityOfPage":{"@id":"https:\/\/www.bodecall.com\/blog\/vina-ijalba-vinos-ecologicos-de-la-rioja\/"},"wordCount":461,"commentCount":0,"publisher":{"@id":"https:\/\/www.bodecall.com\/blog\/#organization"},"image":{"@id":"https:\/\/www.bodecall.com\/blog\/vina-ijalba-vinos-ecologicos-de-la-rioja\/#primaryimage"},"thumbnailUrl":"https:\/\/www.bodecall.com\/blog\/wp-content\/uploads\/2016\/12\/Vina-Ijalba-1.jpg","keywords":["Tempranillo","tinto","vino","vino blanco"],"articleSection":["Vinos"],"inLanguage":"es","potentialAction":[{"@type":"CommentAction","name":"Comment","target":["https:\/\/www.bodecall.com\/blog\/vina-ijalba-vinos-ecologicos-de-la-rioja\/#respond"]}]},{"@type":"WebPage","@id":"https:\/\/www.bodecall.com\/blog\/vina-ijalba-vinos-ecologicos-de-la-rioja\/","url":"https:\/\/www.bodecall.com\/blog\/vina-ijalba-vinos-ecologicos-de-la-rioja\/","name":"Vi\u00f1a Ijalba, vinos ecol\u00f3gicos de La Rioja - Blog de cerveza artesana y de importaci\u00f3n","isPartOf":{"@id":"https:\/\/www.bodecall.com\/blog\/#website"},"primaryImageOfPage":{"@id":"https:\/\/www.bodecall.com\/blog\/vina-ijalba-vinos-ecologicos-de-la-rioja\/#primaryimage"},"image":{"@id":"https:\/\/www.bodecall.com\/blog\/vina-ijalba-vinos-ecologicos-de-la-rioja\/#primaryimage"},"thumbnailUrl":"https:\/\/www.bodecall.com\/blog\/wp-content\/uploads\/2016\/12\/Vina-Ijalba-1.jpg","datePublished":"2016-12-07T14:58:20+00:00","dateModified":"2021-03-22T15:34:53+00:00","breadcrumb":{"@id":"https:\/\/www.bodecall.com\/blog\/vina-ijalba-vinos-ecologicos-de-la-rioja\/#breadcrumb"},"inLanguage":"es","potentialAction":[{"@type":"ReadAction","target":["https:\/\/www.bodecall.com\/blog\/vina-ijalba-vinos-ecologicos-de-la-rioja\/"]}]},{"@type":"ImageObject","inLanguage":"es","@id":"https:\/\/www.bodecall.com\/blog\/vina-ijalba-vinos-ecologicos-de-la-rioja\/#primaryimage","url":"https:\/\/www.bodecall.com\/blog\/wp-content\/uploads\/2016\/12\/Vina-Ijalba-1.jpg","contentUrl":"https:\/\/www.bodecall.com\/blog\/wp-content\/uploads\/2016\/12\/Vina-Ijalba-1.jpg","width":604,"height":363},{"@type":"BreadcrumbList","@id":"https:\/\/www.bodecall.com\/blog\/vina-ijalba-vinos-ecologicos-de-la-rioja\/#breadcrumb","itemListElement":[{"@type":"ListItem","position":1,"name":"Portada","item":"https:\/\/www.bodecall.com\/blog\/"},{"@type":"ListItem","position":2,"name":"Vi\u00f1a Ijalba, vinos ecol\u00f3gicos de La Rioja"}]},{"@type":"WebSite","@id":"https:\/\/www.bodecall.com\/blog\/#website","url":"https:\/\/www.bodecall.com\/blog\/","name":"Blog de cerveza artesana y de importaci\u00f3n","description":"Explora el universo de la cerveza con noticias, novedades, curiosidades y gu\u00edas en el blog de cerveza de Bodecall","publisher":{"@id":"https:\/\/www.bodecall.com\/blog\/#organization"},"potentialAction":[{"@type":"SearchAction","target":{"@type":"EntryPoint","urlTemplate":"https:\/\/www.bodecall.com\/blog\/?s={search_term_string}"},"query-input":{"@type":"PropertyValueSpecification","valueRequired":true,"valueName":"search_term_string"}}],"inLanguage":"es"},{"@type":"Organization","@id":"https:\/\/www.bodecall.com\/blog\/#organization","name":"Blog de cerveza artesana y de importaci\u00f3n","url":"https:\/\/www.bodecall.com\/blog\/","logo":{"@type":"ImageObject","inLanguage":"es","@id":"https:\/\/www.bodecall.com\/blog\/#\/schema\/logo\/image\/","url":"https:\/\/www.bodecall.com\/blog\/wp-content\/uploads\/2020\/11\/logo-bodecall-blog.jpg","contentUrl":"https:\/\/www.bodecall.com\/blog\/wp-content\/uploads\/2020\/11\/logo-bodecall-blog.jpg","width":200,"height":53,"caption":"Blog de cerveza artesana y de importaci\u00f3n"},"image":{"@id":"https:\/\/www.bodecall.com\/blog\/#\/schema\/logo\/image\/"}},{"@type":"Person","@id":"https:\/\/www.bodecall.com\/blog\/#\/schema\/person\/fed303d878bae3f832ffcc696eb33622","name":"Bodecall Cervezas Artesanas","image":{"@type":"ImageObject","inLanguage":"es","@id":"https:\/\/www.bodecall.com\/blog\/#\/schema\/person\/image\/","url":"https:\/\/secure.gravatar.com\/avatar\/4245cc729cf13e2723c8a40af0e03c5dfc48574718e46a5a9634416ff2051316?s=96&d=identicon&r=g","contentUrl":"https:\/\/secure.gravatar.com\/avatar\/4245cc729cf13e2723c8a40af0e03c5dfc48574718e46a5a9634416ff2051316?s=96&d=identicon&r=g","caption":"Bodecall Cervezas Artesanas"},"description":"En Bodecall somos especialistas en cervezas y nos encanta escribir sobre todo lo que rodea a esta deliciosa bebida: desde los procesos de elaboraci\u00f3n hasta su historia y cultura. Adem\u00e1s, nos dedicamos a seleccionar, recomendar y ofrecer las mejores cervezas artesanales, de importaci\u00f3n y cl\u00e1sicas, para que disfrutes de una experiencia \u00fanica en cada sorbo. \u00danete a nuestra comunidad cervecera y descubre con nosotros los secretos detr\u00e1s de cada cerveza.","sameAs":["http:\/\/bodecall.com","https:\/\/www.facebook.com\/bodecall","https:\/\/www.instagram.com\/bodecall_","https:\/\/x.com\/Bodecall_","https:\/\/www.youtube.com\/Bodecall-Vinos-Licores","https:\/\/www.tumblr.com\/blog\/bodecall"],"url":"https:\/\/www.bodecall.com\/blog\/author\/admin\/"}]}},"_links":{"self":[{"href":"https:\/\/www.bodecall.com\/blog\/wp-json\/wp\/v2\/posts\/1861","targetHints":{"allow":["GET"]}}],"collection":[{"href":"https:\/\/www.bodecall.com\/blog\/wp-json\/wp\/v2\/posts"}],"about":[{"href":"https:\/\/www.bodecall.com\/blog\/wp-json\/wp\/v2\/types\/post"}],"author":[{"embeddable":true,"href":"https:\/\/www.bodecall.com\/blog\/wp-json\/wp\/v2\/users\/1"}],"replies":[{"embeddable":true,"href":"https:\/\/www.bodecall.com\/blog\/wp-json\/wp\/v2\/comments?post=1861"}],"version-history":[{"count":26,"href":"https:\/\/www.bodecall.com\/blog\/wp-json\/wp\/v2\/posts\/1861\/revisions"}],"predecessor-version":[{"id":3775,"href":"https:\/\/www.bodecall.com\/blog\/wp-json\/wp\/v2\/posts\/1861\/revisions\/3775"}],"wp:featuredmedia":[{"embeddable":true,"href":"https:\/\/www.bodecall.com\/blog\/wp-json\/wp\/v2\/media\/3740"}],"wp:attachment":[{"href":"https:\/\/www.bodecall.com\/blog\/wp-json\/wp\/v2\/media?parent=1861"}],"wp:term":[{"taxonomy":"category","embeddable":true,"href":"https:\/\/www.bodecall.com\/blog\/wp-json\/wp\/v2\/categories?post=1861"},{"taxonomy":"post_tag","embeddable":true,"href":"https:\/\/www.bodecall.com\/blog\/wp-json\/wp\/v2\/tags?post=1861"}],"curies":[{"name":"wp","href":"https:\/\/api.w.org\/{rel}","templated":true}]}}