{"id":2418,"date":"2018-07-23T12:42:08","date_gmt":"2018-07-23T10:42:08","guid":{"rendered":"https:\/\/www.bodecall.com\/blog\/?p=2418"},"modified":"2021-10-26T11:18:15","modified_gmt":"2021-10-26T09:18:15","slug":"fritz-kola-el-refresco-aleman-con-extra-de-cafeina","status":"publish","type":"post","link":"https:\/\/www.bodecall.com\/blog\/fritz-kola-el-refresco-aleman-con-extra-de-cafeina\/","title":{"rendered":"Fritz-Kola, el refresco alem\u00e1n con extra de cafe\u00edna"},"content":{"rendered":"<div id=\"ez-toc-container\" class=\"ez-toc-v2_0_80 counter-hierarchy ez-toc-counter ez-toc-light-blue ez-toc-container-direction\">\n<div class=\"ez-toc-title-container\">\n<p class=\"ez-toc-title\" style=\"cursor:inherit\">\u00cdndice<\/p>\n<span class=\"ez-toc-title-toggle\"><a href=\"#\" class=\"ez-toc-pull-right ez-toc-btn ez-toc-btn-xs ez-toc-btn-default ez-toc-toggle\" aria-label=\"Alternar tabla de contenidos\"><span class=\"ez-toc-js-icon-con\"><span class=\"\"><span class=\"eztoc-hide\" style=\"display:none;\">Toggle<\/span><span class=\"ez-toc-icon-toggle-span\"><svg style=\"fill: #999;color:#999\" xmlns=\"http:\/\/www.w3.org\/2000\/svg\" class=\"list-377408\" width=\"20px\" height=\"20px\" viewBox=\"0 0 24 24\" fill=\"none\"><path d=\"M6 6H4v2h2V6zm14 0H8v2h12V6zM4 11h2v2H4v-2zm16 0H8v2h12v-2zM4 16h2v2H4v-2zm16 0H8v2h12v-2z\" fill=\"currentColor\"><\/path><\/svg><svg style=\"fill: #999;color:#999\" class=\"arrow-unsorted-368013\" xmlns=\"http:\/\/www.w3.org\/2000\/svg\" width=\"10px\" height=\"10px\" viewBox=\"0 0 24 24\" version=\"1.2\" baseProfile=\"tiny\"><path d=\"M18.2 9.3l-6.2-6.3-6.2 6.3c-.2.2-.3.4-.3.7s.1.5.3.7c.2.2.4.3.7.3h11c.3 0 .5-.1.7-.3.2-.2.3-.5.3-.7s-.1-.5-.3-.7zM5.8 14.7l6.2 6.3 6.2-6.3c.2-.2.3-.5.3-.7s-.1-.5-.3-.7c-.2-.2-.4-.3-.7-.3h-11c-.3 0-.5.1-.7.3-.2.2-.3.5-.3.7s.1.5.3.7z\"\/><\/svg><\/span><\/span><\/span><\/a><\/span><\/div>\n<nav><ul class='ez-toc-list ez-toc-list-level-1 ' ><li class='ez-toc-page-1 ez-toc-heading-level-2'><a class=\"ez-toc-link ez-toc-heading-1\" href=\"https:\/\/www.bodecall.com\/blog\/fritz-kola-el-refresco-aleman-con-extra-de-cafeina\/#Fritz_Kola_el_refresco_sostenible\" >Fritz Kola, el refresco sostenible<\/a><\/li><li class='ez-toc-page-1 ez-toc-heading-level-2'><a class=\"ez-toc-link ez-toc-heading-2\" href=\"https:\/\/www.bodecall.com\/blog\/fritz-kola-el-refresco-aleman-con-extra-de-cafeina\/#La_gama_de_refrescos_Fritz\" >La gama de refrescos Fritz<\/a><\/li><\/ul><\/nav><\/div>\n<p><a href=\"https:\/\/www.bodecall.com\/fabricante\/fritz-kola\"><strong>Fritz-Kola<\/strong><\/a> naci\u00f3 en 1999 en la ciudad alemana de <strong>Hamburgo<\/strong> de la mano de los amigos de la infancia, Mirco y Lorenz. Su idea era crear un delicioso <strong>refresco de cola<\/strong> que desbancase a la todopoderosa Coca Cola. Al no tener suficiente dinero para gastar en el dise\u00f1o de un logo y asegurarse de que cumpliese los requerimientos legales, decidieron poner sus propias caras en las etiquetas, que imprimieron en una copister\u00eda y pegaron en las botellas con pegamento. Poco a poco la marca fue creciendo e introdujeron nuevos sabores.<\/p>\n<h2><span class=\"ez-toc-section\" id=\"Fritz_Kola_el_refresco_sostenible\"><\/span>Fritz Kola, el refresco sostenible<span class=\"ez-toc-section-end\"><\/span><\/h2>\n<p><img loading=\"lazy\" decoding=\"async\" class=\"wp-image-2425 size-medium alignright\" src=\"https:\/\/www.bodecall.com\/blog\/wp-content\/uploads\/2018\/07\/fritz-kola-300x212.jpg\" alt=\"Fritz Kola, refresco natural con cafeina\" width=\"300\" height=\"212\" srcset=\"https:\/\/www.bodecall.com\/blog\/wp-content\/uploads\/2018\/07\/fritz-kola-300x212.jpg 300w, https:\/\/www.bodecall.com\/blog\/wp-content\/uploads\/2018\/07\/fritz-kola.jpg 400w\" sizes=\"auto, (max-width: 300px) 100vw, 300px\" \/>En 2011 Mirco y Lorenz decidieron que quer\u00edan que <a href=\"https:\/\/fritz-kola.com\/\">Fritz Kola<\/a> fuera un proyecto totalmente sostenible, por lo que se eliminaron todos los colorantes y conservantes artificiales de toda su gama de refrescos. En la actualidad, todas las variedades Fritz est\u00e1n <strong>libres de gluten<\/strong> y al\u00e9rgenos y son productos de gran calidad, elaborados con ingredientes 100% naturales y org\u00e1nicos, <strong>apto para veganos.<\/strong> El resultado son unos refrescos saludables, ideales para tomar solos o en combinados. Fritz ofrece tres gamas de refrescos: Fritz Kola, Fritz Limo y Fritz Spritz.<\/p>\n<h2><span class=\"ez-toc-section\" id=\"La_gama_de_refrescos_Fritz\"><\/span>La gama de refrescos Fritz<span class=\"ez-toc-section-end\"><\/span><\/h2>\n<p><a href=\"https:\/\/www.bodecall.com\/refrescos\/fritz-kola-33-cl-detail\">Fritz-Kola<\/a> se elabora con nuez de cola, una gran cantidad de <strong>cafe\u00edna<\/strong> y aromatizantes naturales como la vainilla. Su sabor es menos dulce que el de los refrescos de cola tradicionales y muestra notas c\u00edtricas. La gama de Kola de Fritz incluye, adem\u00e1s de la <strong>Fritz-Kola<\/strong> tradicional, <strong>Fritz Kola Zuckerfrei<\/strong> \u2013sin az\u00facar- y <strong>Fritz Kola Stevia<\/strong> \u2013con un 50% menos de az\u00facar-.<\/p>\n<p><a href=\"https:\/\/www.bodecall.com\/refrescos\/fritz-limo-lemonade-detail\">Fritz-Limo<\/a> es una gama de refrescos naturales que incluye <strong>Fritz Naranja<\/strong> -elaborado con 10.5% de zumo de naranja y enriquecido con 1.5% de zumo de mandarina y 5% de zumo de lim\u00f3n-, <strong>Fritz Lim\u00f3n<\/strong> \u2013refrescante limonada elaborada con 6% de zumo de lim\u00f3n, sin filtrar y de aspecto turbio-, <strong>Fritz Mel\u00f3n<\/strong> \u2013de color verde y con 5% de zumo natural- y <strong>Fritz Apfel Kisch<\/strong> \u2013una rica combinaci\u00f3n de zumo de cerezas, manzana y sa\u00faco-.<\/p>\n<p>La variedad <a href=\"https:\/\/www.bodecall.com\/refrescos\/fritz-spritz-rhubarb-ruibarbo-bio-detail\">Fritz-Spritz <\/a>incluye refrescos con gas y es una gama m\u00e1s sofisticada. <strong>Fritz Uva<\/strong> se elabora con 50 % de zumo de uva natural y 50 % de agua mineral natural con gas. <strong>Fritz Ruibarbo<\/strong> es un original refresco de color rosa p\u00e1lido, totalmente vegetal, elaborado con 40% zumo de ruibarbo natural. <strong>Fritz Manzana<\/strong> es un refresco Bio totalmente natural y sin filtrar, elaborado con un 66 % de jugo de manzana.<\/p>\n<p><a href=\"https:\/\/www.bodecall.com\/refrescos\/fritz-mate-detail\">Fritz Mate<\/a> es miembro m\u00e1s nuevo de la familia Fritz. Se lanza al mercado en 2016, su sabor recuerda al t\u00e9 ahumado, y se elabora con 25mg por 1000ml de cafe\u00edna natural.<\/p>\n","protected":false},"excerpt":{"rendered":"<p>Fritz-Kola naci\u00f3 en 1999 en la ciudad alemana de Hamburgo de la mano de los amigos de la infancia, Mirco<\/p>\n","protected":false},"author":1,"featured_media":2429,"comment_status":"open","ping_status":"open","sticky":false,"template":"","format":"standard","meta":{"_acf_changed":false,"footnotes":""},"categories":[140],"tags":[13,96,137,136],"class_list":["post-2418","post","type-post","status-publish","format-standard","has-post-thumbnail","hentry","category-sin-alcohol","tag-cocteles","tag-combinados","tag-refrescos","tag-sin-alcohol"],"acf":[],"yoast_head":"<!-- This site is optimized with the Yoast SEO plugin v26.8 - https:\/\/yoast.com\/product\/yoast-seo-wordpress\/ -->\n<title>Fritz-Kola, el refresco alem\u00e1n con extra de cafe\u00edna - Bodecall<\/title>\n<meta name=\"robots\" content=\"index, follow, max-snippet:-1, max-image-preview:large, max-video-preview:-1\" \/>\n<link rel=\"canonical\" href=\"https:\/\/www.bodecall.com\/blog\/fritz-kola-el-refresco-aleman-con-extra-de-cafeina\/\" \/>\n<meta property=\"og:locale\" content=\"es_ES\" \/>\n<meta property=\"og:type\" content=\"article\" \/>\n<meta property=\"og:title\" content=\"Fritz-Kola, el refresco alem\u00e1n con extra de cafe\u00edna - Bodecall\" \/>\n<meta property=\"og:description\" content=\"Fritz-Kola naci\u00f3 en 1999 en la ciudad alemana de Hamburgo de la mano de los amigos de la infancia, Mirco\" \/>\n<meta property=\"og:url\" content=\"https:\/\/www.bodecall.com\/blog\/fritz-kola-el-refresco-aleman-con-extra-de-cafeina\/\" \/>\n<meta property=\"og:site_name\" content=\"Blog de cerveza artesana y de importaci\u00f3n\" \/>\n<meta property=\"article:author\" content=\"https:\/\/www.facebook.com\/bodecall\" \/>\n<meta property=\"article:published_time\" content=\"2018-07-23T10:42:08+00:00\" \/>\n<meta property=\"article:modified_time\" content=\"2021-10-26T09:18:15+00:00\" \/>\n<meta property=\"og:image\" content=\"https:\/\/www.bodecall.com\/blog\/wp-content\/uploads\/2018\/07\/fritz-kola-limo-spritz1.jpg\" \/>\n\t<meta property=\"og:image:width\" content=\"400\" \/>\n\t<meta property=\"og:image:height\" content=\"400\" \/>\n\t<meta property=\"og:image:type\" content=\"image\/jpeg\" \/>\n<meta name=\"author\" content=\"Bodecall Cervezas Artesanas\" \/>\n<meta name=\"twitter:card\" content=\"summary_large_image\" \/>\n<meta name=\"twitter:creator\" content=\"@Bodecall_\" \/>\n<meta name=\"twitter:label1\" content=\"Escrito por\" \/>\n\t<meta name=\"twitter:data1\" content=\"Bodecall Cervezas Artesanas\" \/>\n\t<meta name=\"twitter:label2\" content=\"Tiempo de lectura\" \/>\n\t<meta name=\"twitter:data2\" content=\"3 minutos\" \/>\n<script type=\"application\/ld+json\" class=\"yoast-schema-graph\">{\"@context\":\"https:\/\/schema.org\",\"@graph\":[{\"@type\":\"Article\",\"@id\":\"https:\/\/www.bodecall.com\/blog\/fritz-kola-el-refresco-aleman-con-extra-de-cafeina\/#article\",\"isPartOf\":{\"@id\":\"https:\/\/www.bodecall.com\/blog\/fritz-kola-el-refresco-aleman-con-extra-de-cafeina\/\"},\"author\":{\"name\":\"Bodecall Cervezas Artesanas\",\"@id\":\"https:\/\/www.bodecall.com\/blog\/#\/schema\/person\/fed303d878bae3f832ffcc696eb33622\"},\"headline\":\"Fritz-Kola, el refresco alem\u00e1n con extra de cafe\u00edna\",\"datePublished\":\"2018-07-23T10:42:08+00:00\",\"dateModified\":\"2021-10-26T09:18:15+00:00\",\"mainEntityOfPage\":{\"@id\":\"https:\/\/www.bodecall.com\/blog\/fritz-kola-el-refresco-aleman-con-extra-de-cafeina\/\"},\"wordCount\":443,\"commentCount\":0,\"publisher\":{\"@id\":\"https:\/\/www.bodecall.com\/blog\/#organization\"},\"image\":{\"@id\":\"https:\/\/www.bodecall.com\/blog\/fritz-kola-el-refresco-aleman-con-extra-de-cafeina\/#primaryimage\"},\"thumbnailUrl\":\"https:\/\/www.bodecall.com\/blog\/wp-content\/uploads\/2018\/07\/fritz-kola-limo-spritz1.jpg\",\"keywords\":[\"c\u00f3cteles\",\"combinados\",\"refrescos\",\"sin alcohol\"],\"articleSection\":[\"Sin alcohol\"],\"inLanguage\":\"es\",\"potentialAction\":[{\"@type\":\"CommentAction\",\"name\":\"Comment\",\"target\":[\"https:\/\/www.bodecall.com\/blog\/fritz-kola-el-refresco-aleman-con-extra-de-cafeina\/#respond\"]}]},{\"@type\":\"WebPage\",\"@id\":\"https:\/\/www.bodecall.com\/blog\/fritz-kola-el-refresco-aleman-con-extra-de-cafeina\/\",\"url\":\"https:\/\/www.bodecall.com\/blog\/fritz-kola-el-refresco-aleman-con-extra-de-cafeina\/\",\"name\":\"Fritz-Kola, el refresco alem\u00e1n con extra de cafe\u00edna - Bodecall\",\"isPartOf\":{\"@id\":\"https:\/\/www.bodecall.com\/blog\/#website\"},\"primaryImageOfPage\":{\"@id\":\"https:\/\/www.bodecall.com\/blog\/fritz-kola-el-refresco-aleman-con-extra-de-cafeina\/#primaryimage\"},\"image\":{\"@id\":\"https:\/\/www.bodecall.com\/blog\/fritz-kola-el-refresco-aleman-con-extra-de-cafeina\/#primaryimage\"},\"thumbnailUrl\":\"https:\/\/www.bodecall.com\/blog\/wp-content\/uploads\/2018\/07\/fritz-kola-limo-spritz1.jpg\",\"datePublished\":\"2018-07-23T10:42:08+00:00\",\"dateModified\":\"2021-10-26T09:18:15+00:00\",\"breadcrumb\":{\"@id\":\"https:\/\/www.bodecall.com\/blog\/fritz-kola-el-refresco-aleman-con-extra-de-cafeina\/#breadcrumb\"},\"inLanguage\":\"es\",\"potentialAction\":[{\"@type\":\"ReadAction\",\"target\":[\"https:\/\/www.bodecall.com\/blog\/fritz-kola-el-refresco-aleman-con-extra-de-cafeina\/\"]}]},{\"@type\":\"ImageObject\",\"inLanguage\":\"es\",\"@id\":\"https:\/\/www.bodecall.com\/blog\/fritz-kola-el-refresco-aleman-con-extra-de-cafeina\/#primaryimage\",\"url\":\"https:\/\/www.bodecall.com\/blog\/wp-content\/uploads\/2018\/07\/fritz-kola-limo-spritz1.jpg\",\"contentUrl\":\"https:\/\/www.bodecall.com\/blog\/wp-content\/uploads\/2018\/07\/fritz-kola-limo-spritz1.jpg\",\"width\":400,\"height\":400},{\"@type\":\"BreadcrumbList\",\"@id\":\"https:\/\/www.bodecall.com\/blog\/fritz-kola-el-refresco-aleman-con-extra-de-cafeina\/#breadcrumb\",\"itemListElement\":[{\"@type\":\"ListItem\",\"position\":1,\"name\":\"Portada\",\"item\":\"https:\/\/www.bodecall.com\/blog\/\"},{\"@type\":\"ListItem\",\"position\":2,\"name\":\"Fritz-Kola, el refresco alem\u00e1n con extra de cafe\u00edna\"}]},{\"@type\":\"WebSite\",\"@id\":\"https:\/\/www.bodecall.com\/blog\/#website\",\"url\":\"https:\/\/www.bodecall.com\/blog\/\",\"name\":\"Blog de cerveza artesana y de importaci\u00f3n\",\"description\":\"Explora el universo de la cerveza con noticias, novedades, curiosidades y gu\u00edas en el blog de cerveza de Bodecall\",\"publisher\":{\"@id\":\"https:\/\/www.bodecall.com\/blog\/#organization\"},\"potentialAction\":[{\"@type\":\"SearchAction\",\"target\":{\"@type\":\"EntryPoint\",\"urlTemplate\":\"https:\/\/www.bodecall.com\/blog\/?s={search_term_string}\"},\"query-input\":{\"@type\":\"PropertyValueSpecification\",\"valueRequired\":true,\"valueName\":\"search_term_string\"}}],\"inLanguage\":\"es\"},{\"@type\":\"Organization\",\"@id\":\"https:\/\/www.bodecall.com\/blog\/#organization\",\"name\":\"Blog de cerveza artesana y de importaci\u00f3n\",\"url\":\"https:\/\/www.bodecall.com\/blog\/\",\"logo\":{\"@type\":\"ImageObject\",\"inLanguage\":\"es\",\"@id\":\"https:\/\/www.bodecall.com\/blog\/#\/schema\/logo\/image\/\",\"url\":\"https:\/\/www.bodecall.com\/blog\/wp-content\/uploads\/2020\/11\/logo-bodecall-blog.jpg\",\"contentUrl\":\"https:\/\/www.bodecall.com\/blog\/wp-content\/uploads\/2020\/11\/logo-bodecall-blog.jpg\",\"width\":200,\"height\":53,\"caption\":\"Blog de cerveza artesana y de importaci\u00f3n\"},\"image\":{\"@id\":\"https:\/\/www.bodecall.com\/blog\/#\/schema\/logo\/image\/\"}},{\"@type\":\"Person\",\"@id\":\"https:\/\/www.bodecall.com\/blog\/#\/schema\/person\/fed303d878bae3f832ffcc696eb33622\",\"name\":\"Bodecall Cervezas Artesanas\",\"image\":{\"@type\":\"ImageObject\",\"inLanguage\":\"es\",\"@id\":\"https:\/\/www.bodecall.com\/blog\/#\/schema\/person\/image\/\",\"url\":\"https:\/\/secure.gravatar.com\/avatar\/4245cc729cf13e2723c8a40af0e03c5dfc48574718e46a5a9634416ff2051316?s=96&d=identicon&r=g\",\"contentUrl\":\"https:\/\/secure.gravatar.com\/avatar\/4245cc729cf13e2723c8a40af0e03c5dfc48574718e46a5a9634416ff2051316?s=96&d=identicon&r=g\",\"caption\":\"Bodecall Cervezas Artesanas\"},\"description\":\"En Bodecall somos especialistas en cervezas y nos encanta escribir sobre todo lo que rodea a esta deliciosa bebida: desde los procesos de elaboraci\u00f3n hasta su historia y cultura. Adem\u00e1s, nos dedicamos a seleccionar, recomendar y ofrecer las mejores cervezas artesanales, de importaci\u00f3n y cl\u00e1sicas, para que disfrutes de una experiencia \u00fanica en cada sorbo. \u00danete a nuestra comunidad cervecera y descubre con nosotros los secretos detr\u00e1s de cada cerveza.\",\"sameAs\":[\"http:\/\/bodecall.com\",\"https:\/\/www.facebook.com\/bodecall\",\"https:\/\/www.instagram.com\/bodecall_\",\"https:\/\/x.com\/Bodecall_\",\"https:\/\/www.youtube.com\/Bodecall-Vinos-Licores\",\"https:\/\/www.tumblr.com\/blog\/bodecall\"],\"url\":\"https:\/\/www.bodecall.com\/blog\/author\/admin\/\"}]}<\/script>\n<!-- \/ Yoast SEO plugin. -->","yoast_head_json":{"title":"Fritz-Kola, el refresco alem\u00e1n con extra de cafe\u00edna - Bodecall","robots":{"index":"index","follow":"follow","max-snippet":"max-snippet:-1","max-image-preview":"max-image-preview:large","max-video-preview":"max-video-preview:-1"},"canonical":"https:\/\/www.bodecall.com\/blog\/fritz-kola-el-refresco-aleman-con-extra-de-cafeina\/","og_locale":"es_ES","og_type":"article","og_title":"Fritz-Kola, el refresco alem\u00e1n con extra de cafe\u00edna - Bodecall","og_description":"Fritz-Kola naci\u00f3 en 1999 en la ciudad alemana de Hamburgo de la mano de los amigos de la infancia, Mirco","og_url":"https:\/\/www.bodecall.com\/blog\/fritz-kola-el-refresco-aleman-con-extra-de-cafeina\/","og_site_name":"Blog de cerveza artesana y de importaci\u00f3n","article_author":"https:\/\/www.facebook.com\/bodecall","article_published_time":"2018-07-23T10:42:08+00:00","article_modified_time":"2021-10-26T09:18:15+00:00","og_image":[{"width":400,"height":400,"url":"https:\/\/www.bodecall.com\/blog\/wp-content\/uploads\/2018\/07\/fritz-kola-limo-spritz1.jpg","type":"image\/jpeg"}],"author":"Bodecall Cervezas Artesanas","twitter_card":"summary_large_image","twitter_creator":"@Bodecall_","twitter_misc":{"Escrito por":"Bodecall Cervezas Artesanas","Tiempo de lectura":"3 minutos"},"schema":{"@context":"https:\/\/schema.org","@graph":[{"@type":"Article","@id":"https:\/\/www.bodecall.com\/blog\/fritz-kola-el-refresco-aleman-con-extra-de-cafeina\/#article","isPartOf":{"@id":"https:\/\/www.bodecall.com\/blog\/fritz-kola-el-refresco-aleman-con-extra-de-cafeina\/"},"author":{"name":"Bodecall Cervezas Artesanas","@id":"https:\/\/www.bodecall.com\/blog\/#\/schema\/person\/fed303d878bae3f832ffcc696eb33622"},"headline":"Fritz-Kola, el refresco alem\u00e1n con extra de cafe\u00edna","datePublished":"2018-07-23T10:42:08+00:00","dateModified":"2021-10-26T09:18:15+00:00","mainEntityOfPage":{"@id":"https:\/\/www.bodecall.com\/blog\/fritz-kola-el-refresco-aleman-con-extra-de-cafeina\/"},"wordCount":443,"commentCount":0,"publisher":{"@id":"https:\/\/www.bodecall.com\/blog\/#organization"},"image":{"@id":"https:\/\/www.bodecall.com\/blog\/fritz-kola-el-refresco-aleman-con-extra-de-cafeina\/#primaryimage"},"thumbnailUrl":"https:\/\/www.bodecall.com\/blog\/wp-content\/uploads\/2018\/07\/fritz-kola-limo-spritz1.jpg","keywords":["c\u00f3cteles","combinados","refrescos","sin alcohol"],"articleSection":["Sin alcohol"],"inLanguage":"es","potentialAction":[{"@type":"CommentAction","name":"Comment","target":["https:\/\/www.bodecall.com\/blog\/fritz-kola-el-refresco-aleman-con-extra-de-cafeina\/#respond"]}]},{"@type":"WebPage","@id":"https:\/\/www.bodecall.com\/blog\/fritz-kola-el-refresco-aleman-con-extra-de-cafeina\/","url":"https:\/\/www.bodecall.com\/blog\/fritz-kola-el-refresco-aleman-con-extra-de-cafeina\/","name":"Fritz-Kola, el refresco alem\u00e1n con extra de cafe\u00edna - Bodecall","isPartOf":{"@id":"https:\/\/www.bodecall.com\/blog\/#website"},"primaryImageOfPage":{"@id":"https:\/\/www.bodecall.com\/blog\/fritz-kola-el-refresco-aleman-con-extra-de-cafeina\/#primaryimage"},"image":{"@id":"https:\/\/www.bodecall.com\/blog\/fritz-kola-el-refresco-aleman-con-extra-de-cafeina\/#primaryimage"},"thumbnailUrl":"https:\/\/www.bodecall.com\/blog\/wp-content\/uploads\/2018\/07\/fritz-kola-limo-spritz1.jpg","datePublished":"2018-07-23T10:42:08+00:00","dateModified":"2021-10-26T09:18:15+00:00","breadcrumb":{"@id":"https:\/\/www.bodecall.com\/blog\/fritz-kola-el-refresco-aleman-con-extra-de-cafeina\/#breadcrumb"},"inLanguage":"es","potentialAction":[{"@type":"ReadAction","target":["https:\/\/www.bodecall.com\/blog\/fritz-kola-el-refresco-aleman-con-extra-de-cafeina\/"]}]},{"@type":"ImageObject","inLanguage":"es","@id":"https:\/\/www.bodecall.com\/blog\/fritz-kola-el-refresco-aleman-con-extra-de-cafeina\/#primaryimage","url":"https:\/\/www.bodecall.com\/blog\/wp-content\/uploads\/2018\/07\/fritz-kola-limo-spritz1.jpg","contentUrl":"https:\/\/www.bodecall.com\/blog\/wp-content\/uploads\/2018\/07\/fritz-kola-limo-spritz1.jpg","width":400,"height":400},{"@type":"BreadcrumbList","@id":"https:\/\/www.bodecall.com\/blog\/fritz-kola-el-refresco-aleman-con-extra-de-cafeina\/#breadcrumb","itemListElement":[{"@type":"ListItem","position":1,"name":"Portada","item":"https:\/\/www.bodecall.com\/blog\/"},{"@type":"ListItem","position":2,"name":"Fritz-Kola, el refresco alem\u00e1n con extra de cafe\u00edna"}]},{"@type":"WebSite","@id":"https:\/\/www.bodecall.com\/blog\/#website","url":"https:\/\/www.bodecall.com\/blog\/","name":"Blog de cerveza artesana y de importaci\u00f3n","description":"Explora el universo de la cerveza con noticias, novedades, curiosidades y gu\u00edas en el blog de cerveza de Bodecall","publisher":{"@id":"https:\/\/www.bodecall.com\/blog\/#organization"},"potentialAction":[{"@type":"SearchAction","target":{"@type":"EntryPoint","urlTemplate":"https:\/\/www.bodecall.com\/blog\/?s={search_term_string}"},"query-input":{"@type":"PropertyValueSpecification","valueRequired":true,"valueName":"search_term_string"}}],"inLanguage":"es"},{"@type":"Organization","@id":"https:\/\/www.bodecall.com\/blog\/#organization","name":"Blog de cerveza artesana y de importaci\u00f3n","url":"https:\/\/www.bodecall.com\/blog\/","logo":{"@type":"ImageObject","inLanguage":"es","@id":"https:\/\/www.bodecall.com\/blog\/#\/schema\/logo\/image\/","url":"https:\/\/www.bodecall.com\/blog\/wp-content\/uploads\/2020\/11\/logo-bodecall-blog.jpg","contentUrl":"https:\/\/www.bodecall.com\/blog\/wp-content\/uploads\/2020\/11\/logo-bodecall-blog.jpg","width":200,"height":53,"caption":"Blog de cerveza artesana y de importaci\u00f3n"},"image":{"@id":"https:\/\/www.bodecall.com\/blog\/#\/schema\/logo\/image\/"}},{"@type":"Person","@id":"https:\/\/www.bodecall.com\/blog\/#\/schema\/person\/fed303d878bae3f832ffcc696eb33622","name":"Bodecall Cervezas Artesanas","image":{"@type":"ImageObject","inLanguage":"es","@id":"https:\/\/www.bodecall.com\/blog\/#\/schema\/person\/image\/","url":"https:\/\/secure.gravatar.com\/avatar\/4245cc729cf13e2723c8a40af0e03c5dfc48574718e46a5a9634416ff2051316?s=96&d=identicon&r=g","contentUrl":"https:\/\/secure.gravatar.com\/avatar\/4245cc729cf13e2723c8a40af0e03c5dfc48574718e46a5a9634416ff2051316?s=96&d=identicon&r=g","caption":"Bodecall Cervezas Artesanas"},"description":"En Bodecall somos especialistas en cervezas y nos encanta escribir sobre todo lo que rodea a esta deliciosa bebida: desde los procesos de elaboraci\u00f3n hasta su historia y cultura. Adem\u00e1s, nos dedicamos a seleccionar, recomendar y ofrecer las mejores cervezas artesanales, de importaci\u00f3n y cl\u00e1sicas, para que disfrutes de una experiencia \u00fanica en cada sorbo. \u00danete a nuestra comunidad cervecera y descubre con nosotros los secretos detr\u00e1s de cada cerveza.","sameAs":["http:\/\/bodecall.com","https:\/\/www.facebook.com\/bodecall","https:\/\/www.instagram.com\/bodecall_","https:\/\/x.com\/Bodecall_","https:\/\/www.youtube.com\/Bodecall-Vinos-Licores","https:\/\/www.tumblr.com\/blog\/bodecall"],"url":"https:\/\/www.bodecall.com\/blog\/author\/admin\/"}]}},"_links":{"self":[{"href":"https:\/\/www.bodecall.com\/blog\/wp-json\/wp\/v2\/posts\/2418","targetHints":{"allow":["GET"]}}],"collection":[{"href":"https:\/\/www.bodecall.com\/blog\/wp-json\/wp\/v2\/posts"}],"about":[{"href":"https:\/\/www.bodecall.com\/blog\/wp-json\/wp\/v2\/types\/post"}],"author":[{"embeddable":true,"href":"https:\/\/www.bodecall.com\/blog\/wp-json\/wp\/v2\/users\/1"}],"replies":[{"embeddable":true,"href":"https:\/\/www.bodecall.com\/blog\/wp-json\/wp\/v2\/comments?post=2418"}],"version-history":[{"count":24,"href":"https:\/\/www.bodecall.com\/blog\/wp-json\/wp\/v2\/posts\/2418\/revisions"}],"predecessor-version":[{"id":4226,"href":"https:\/\/www.bodecall.com\/blog\/wp-json\/wp\/v2\/posts\/2418\/revisions\/4226"}],"wp:featuredmedia":[{"embeddable":true,"href":"https:\/\/www.bodecall.com\/blog\/wp-json\/wp\/v2\/media\/2429"}],"wp:attachment":[{"href":"https:\/\/www.bodecall.com\/blog\/wp-json\/wp\/v2\/media?parent=2418"}],"wp:term":[{"taxonomy":"category","embeddable":true,"href":"https:\/\/www.bodecall.com\/blog\/wp-json\/wp\/v2\/categories?post=2418"},{"taxonomy":"post_tag","embeddable":true,"href":"https:\/\/www.bodecall.com\/blog\/wp-json\/wp\/v2\/tags?post=2418"}],"curies":[{"name":"wp","href":"https:\/\/api.w.org\/{rel}","templated":true}]}}