{"id":4039,"date":"2014-06-09T11:55:00","date_gmt":"2014-06-09T09:55:00","guid":{"rendered":"https:\/\/www.bodecall.com\/blog\/?p=4039"},"modified":"2021-06-09T11:56:17","modified_gmt":"2021-06-09T09:56:17","slug":"madrid-sede-del-iii-congreso-internacional-del-ron","status":"publish","type":"post","link":"https:\/\/www.bodecall.com\/blog\/madrid-sede-del-iii-congreso-internacional-del-ron\/","title":{"rendered":"Madrid sede del III Congreso Internacional del Ron"},"content":{"rendered":"\n<p>Madrid ser\u00e1 de nuevo la sede del congreso internacional del <a href=\"https:\/\/www.bodecall.com\/destilados-y-licores\/ron\">ron<\/a>. Este congreso tem\u00e1tico tendr\u00e1 lugar los d\u00edas 3 &#8211; 6 de junio bajo el nombre \u201cIII Congreso Internacional del Ron-Madrid 2014\u201d. Dirigido por Don Javier Herrera, en \u00e9l se dar\u00e1n cita los mayores profesionales del sector y tendr\u00e1n lugar los siguientes eventos: <br \/><br \/>\u2022\u00a0\u00a0\u00a0 Conferencias, donde un gran abanico de profesionales expondr\u00e1n todo lo que rodea a este destilado de ca\u00f1a de az\u00facar. <br \/><br \/>\u2022\u00a0\u00a0\u00a0 El \u201cIII Concurso Internacional de Cata 2014\u201d donde el a\u00f1o pasado fue todo un \u00e9xito con 160 referencias y se espera este a\u00f1o batir este record, con la ayuda de todos.<br \/><br \/>\u2022\u00a0\u00a0\u00a0 Premios IRC 2014<br \/><br \/>\u2022\u00a0\u00a0\u00a0 El Festival donde se realizaran todo tipo de exhibiciones en cocteler\u00eda con ron, master class y catas de diversos rones venidos desde todos los lugares. A este respecto, hay que se\u00f1alar que muchas marcas de ron desembarcar\u00e1n en Espa\u00f1a\u202f a la b\u00fasqueda de distribuidores nacionales. Estas ense\u00f1as expondr\u00e1n en sus stands sus diferentes productos los d\u00edas 5 y 6 de junio del 2014 de 18 a 23 horas en la terraza del hotel Silken Puerta de Am\u00e9rica, convirtiendo a Madrid en Capital del ron por unos d\u00edas. <br \/><br \/><\/p>\n<p>\u00a0<\/p>\n<p>El ron es la categor\u00eda de bebidas alcoh\u00f3licas de m\u00e1s r\u00e1pido crecimiento en el mundo y con significativos incrementos,\u00a0 especialmente en Europa; seg\u00fan la IWSR Magazine en su art\u00edculo de enero 2012 \u00abRum in Europe\u00bb, el mercado de rones alcanz\u00f3 en el 2010 los 22 millones de cajas de nueve litros en Europa.<\/p>\n<p><br \/>En Espa\u00f1a tiene una incidencia en el consumo del 22%, destacando sobre otros pa\u00edses como\u202fAlemania, Francia y Reino Unido, con\u202fnuevas marcas y nuevas tendencias, en un mercado cada vez m\u00e1s \u00e1vido de probar cosas nuevas. En el mercado Europeo en general, y en el Espa\u00f1ol en particular, el ron prev\u00e9 posicionarse en un periodo no mayor a cuatro a\u00f1os como el primer destilado en ventas para el 2016. Adem\u00e1s, cabe destacar que el ron tiene cada vez m\u00e1s presencia en el mundo de la cocteler\u00eda. <br \/><br \/>M\u00e1s informaci\u00f3n en:<\/p>\n<p><br \/><a href=\"http:\/\/www.congresodelron.com%20\" target=\"_blank\" rel=\"noopener\">www.congresodelron.com <\/a><br \/><a href=\"http:\/\/www.facebook.com\/rumfestival\" target=\"_blank\" rel=\"noopener\">http:\/\/www.facebook.com\/rumfestival<\/a><\/p>\n","protected":false},"excerpt":{"rendered":"<p>Madrid ser\u00e1 de nuevo la sede del congreso internacional del ron. Este congreso tem\u00e1tico tendr\u00e1 lugar los d\u00edas 3 &#8211;<\/p>\n","protected":false},"author":1,"featured_media":4040,"comment_status":"open","ping_status":"open","sticky":false,"template":"","format":"standard","meta":{"_acf_changed":false,"footnotes":""},"categories":[4],"tags":[7],"class_list":["post-4039","post","type-post","status-publish","format-standard","has-post-thumbnail","hentry","category-licores","tag-ron"],"acf":[],"yoast_head":"<!-- This site is optimized with the Yoast SEO plugin v26.8 - https:\/\/yoast.com\/product\/yoast-seo-wordpress\/ -->\n<title>Madrid sede del III Congreso Internacional del Ron - Blog de cerveza artesana y de importaci\u00f3n<\/title>\n<meta name=\"robots\" content=\"index, follow, max-snippet:-1, max-image-preview:large, max-video-preview:-1\" \/>\n<link rel=\"canonical\" href=\"https:\/\/www.bodecall.com\/blog\/madrid-sede-del-iii-congreso-internacional-del-ron\/\" \/>\n<meta property=\"og:locale\" content=\"es_ES\" \/>\n<meta property=\"og:type\" content=\"article\" \/>\n<meta property=\"og:title\" content=\"Madrid sede del III Congreso Internacional del Ron - Blog de cerveza artesana y de importaci\u00f3n\" \/>\n<meta property=\"og:description\" content=\"Madrid ser\u00e1 de nuevo la sede del congreso internacional del ron. Este congreso tem\u00e1tico tendr\u00e1 lugar los d\u00edas 3 &#8211;\" \/>\n<meta property=\"og:url\" content=\"https:\/\/www.bodecall.com\/blog\/madrid-sede-del-iii-congreso-internacional-del-ron\/\" \/>\n<meta property=\"og:site_name\" content=\"Blog de cerveza artesana y de importaci\u00f3n\" \/>\n<meta property=\"article:author\" content=\"https:\/\/www.facebook.com\/bodecall\" \/>\n<meta property=\"article:published_time\" content=\"2014-06-09T09:55:00+00:00\" \/>\n<meta property=\"article:modified_time\" content=\"2021-06-09T09:56:17+00:00\" \/>\n<meta property=\"og:image\" content=\"https:\/\/www.bodecall.com\/blog\/wp-content\/uploads\/2021\/06\/Congreso2014.jpg\" \/>\n\t<meta property=\"og:image:width\" content=\"400\" \/>\n\t<meta property=\"og:image:height\" content=\"518\" \/>\n\t<meta property=\"og:image:type\" content=\"image\/jpeg\" \/>\n<meta name=\"author\" content=\"Bodecall Cervezas Artesanas\" \/>\n<meta name=\"twitter:card\" content=\"summary_large_image\" \/>\n<meta name=\"twitter:creator\" content=\"@Bodecall_\" \/>\n<meta name=\"twitter:label1\" content=\"Escrito por\" \/>\n\t<meta name=\"twitter:data1\" content=\"Bodecall Cervezas Artesanas\" \/>\n\t<meta name=\"twitter:label2\" content=\"Tiempo de lectura\" \/>\n\t<meta name=\"twitter:data2\" content=\"2 minutos\" \/>\n<script type=\"application\/ld+json\" class=\"yoast-schema-graph\">{\"@context\":\"https:\/\/schema.org\",\"@graph\":[{\"@type\":\"Article\",\"@id\":\"https:\/\/www.bodecall.com\/blog\/madrid-sede-del-iii-congreso-internacional-del-ron\/#article\",\"isPartOf\":{\"@id\":\"https:\/\/www.bodecall.com\/blog\/madrid-sede-del-iii-congreso-internacional-del-ron\/\"},\"author\":{\"name\":\"Bodecall Cervezas Artesanas\",\"@id\":\"https:\/\/www.bodecall.com\/blog\/#\/schema\/person\/fed303d878bae3f832ffcc696eb33622\"},\"headline\":\"Madrid sede del III Congreso Internacional del Ron\",\"datePublished\":\"2014-06-09T09:55:00+00:00\",\"dateModified\":\"2021-06-09T09:56:17+00:00\",\"mainEntityOfPage\":{\"@id\":\"https:\/\/www.bodecall.com\/blog\/madrid-sede-del-iii-congreso-internacional-del-ron\/\"},\"wordCount\":371,\"commentCount\":0,\"publisher\":{\"@id\":\"https:\/\/www.bodecall.com\/blog\/#organization\"},\"image\":{\"@id\":\"https:\/\/www.bodecall.com\/blog\/madrid-sede-del-iii-congreso-internacional-del-ron\/#primaryimage\"},\"thumbnailUrl\":\"https:\/\/www.bodecall.com\/blog\/wp-content\/uploads\/2021\/06\/Congreso2014.jpg\",\"keywords\":[\"ron\"],\"articleSection\":[\"Licores\"],\"inLanguage\":\"es\",\"potentialAction\":[{\"@type\":\"CommentAction\",\"name\":\"Comment\",\"target\":[\"https:\/\/www.bodecall.com\/blog\/madrid-sede-del-iii-congreso-internacional-del-ron\/#respond\"]}]},{\"@type\":\"WebPage\",\"@id\":\"https:\/\/www.bodecall.com\/blog\/madrid-sede-del-iii-congreso-internacional-del-ron\/\",\"url\":\"https:\/\/www.bodecall.com\/blog\/madrid-sede-del-iii-congreso-internacional-del-ron\/\",\"name\":\"Madrid sede del III Congreso Internacional del Ron - Blog de cerveza artesana y de importaci\u00f3n\",\"isPartOf\":{\"@id\":\"https:\/\/www.bodecall.com\/blog\/#website\"},\"primaryImageOfPage\":{\"@id\":\"https:\/\/www.bodecall.com\/blog\/madrid-sede-del-iii-congreso-internacional-del-ron\/#primaryimage\"},\"image\":{\"@id\":\"https:\/\/www.bodecall.com\/blog\/madrid-sede-del-iii-congreso-internacional-del-ron\/#primaryimage\"},\"thumbnailUrl\":\"https:\/\/www.bodecall.com\/blog\/wp-content\/uploads\/2021\/06\/Congreso2014.jpg\",\"datePublished\":\"2014-06-09T09:55:00+00:00\",\"dateModified\":\"2021-06-09T09:56:17+00:00\",\"breadcrumb\":{\"@id\":\"https:\/\/www.bodecall.com\/blog\/madrid-sede-del-iii-congreso-internacional-del-ron\/#breadcrumb\"},\"inLanguage\":\"es\",\"potentialAction\":[{\"@type\":\"ReadAction\",\"target\":[\"https:\/\/www.bodecall.com\/blog\/madrid-sede-del-iii-congreso-internacional-del-ron\/\"]}]},{\"@type\":\"ImageObject\",\"inLanguage\":\"es\",\"@id\":\"https:\/\/www.bodecall.com\/blog\/madrid-sede-del-iii-congreso-internacional-del-ron\/#primaryimage\",\"url\":\"https:\/\/www.bodecall.com\/blog\/wp-content\/uploads\/2021\/06\/Congreso2014.jpg\",\"contentUrl\":\"https:\/\/www.bodecall.com\/blog\/wp-content\/uploads\/2021\/06\/Congreso2014.jpg\",\"width\":400,\"height\":518,\"caption\":\"Congreso del Ron 2014\"},{\"@type\":\"BreadcrumbList\",\"@id\":\"https:\/\/www.bodecall.com\/blog\/madrid-sede-del-iii-congreso-internacional-del-ron\/#breadcrumb\",\"itemListElement\":[{\"@type\":\"ListItem\",\"position\":1,\"name\":\"Portada\",\"item\":\"https:\/\/www.bodecall.com\/blog\/\"},{\"@type\":\"ListItem\",\"position\":2,\"name\":\"Madrid sede del III Congreso Internacional del Ron\"}]},{\"@type\":\"WebSite\",\"@id\":\"https:\/\/www.bodecall.com\/blog\/#website\",\"url\":\"https:\/\/www.bodecall.com\/blog\/\",\"name\":\"Blog de cerveza artesana y de importaci\u00f3n\",\"description\":\"Explora el universo de la cerveza con noticias, novedades, curiosidades y gu\u00edas en el blog de cerveza de Bodecall\",\"publisher\":{\"@id\":\"https:\/\/www.bodecall.com\/blog\/#organization\"},\"potentialAction\":[{\"@type\":\"SearchAction\",\"target\":{\"@type\":\"EntryPoint\",\"urlTemplate\":\"https:\/\/www.bodecall.com\/blog\/?s={search_term_string}\"},\"query-input\":{\"@type\":\"PropertyValueSpecification\",\"valueRequired\":true,\"valueName\":\"search_term_string\"}}],\"inLanguage\":\"es\"},{\"@type\":\"Organization\",\"@id\":\"https:\/\/www.bodecall.com\/blog\/#organization\",\"name\":\"Blog de cerveza artesana y de importaci\u00f3n\",\"url\":\"https:\/\/www.bodecall.com\/blog\/\",\"logo\":{\"@type\":\"ImageObject\",\"inLanguage\":\"es\",\"@id\":\"https:\/\/www.bodecall.com\/blog\/#\/schema\/logo\/image\/\",\"url\":\"https:\/\/www.bodecall.com\/blog\/wp-content\/uploads\/2020\/11\/logo-bodecall-blog.jpg\",\"contentUrl\":\"https:\/\/www.bodecall.com\/blog\/wp-content\/uploads\/2020\/11\/logo-bodecall-blog.jpg\",\"width\":200,\"height\":53,\"caption\":\"Blog de cerveza artesana y de importaci\u00f3n\"},\"image\":{\"@id\":\"https:\/\/www.bodecall.com\/blog\/#\/schema\/logo\/image\/\"}},{\"@type\":\"Person\",\"@id\":\"https:\/\/www.bodecall.com\/blog\/#\/schema\/person\/fed303d878bae3f832ffcc696eb33622\",\"name\":\"Bodecall Cervezas Artesanas\",\"image\":{\"@type\":\"ImageObject\",\"inLanguage\":\"es\",\"@id\":\"https:\/\/www.bodecall.com\/blog\/#\/schema\/person\/image\/\",\"url\":\"https:\/\/secure.gravatar.com\/avatar\/4245cc729cf13e2723c8a40af0e03c5dfc48574718e46a5a9634416ff2051316?s=96&d=identicon&r=g\",\"contentUrl\":\"https:\/\/secure.gravatar.com\/avatar\/4245cc729cf13e2723c8a40af0e03c5dfc48574718e46a5a9634416ff2051316?s=96&d=identicon&r=g\",\"caption\":\"Bodecall Cervezas Artesanas\"},\"description\":\"En Bodecall somos especialistas en cervezas y nos encanta escribir sobre todo lo que rodea a esta deliciosa bebida: desde los procesos de elaboraci\u00f3n hasta su historia y cultura. Adem\u00e1s, nos dedicamos a seleccionar, recomendar y ofrecer las mejores cervezas artesanales, de importaci\u00f3n y cl\u00e1sicas, para que disfrutes de una experiencia \u00fanica en cada sorbo. \u00danete a nuestra comunidad cervecera y descubre con nosotros los secretos detr\u00e1s de cada cerveza.\",\"sameAs\":[\"http:\/\/bodecall.com\",\"https:\/\/www.facebook.com\/bodecall\",\"https:\/\/www.instagram.com\/bodecall_\",\"https:\/\/x.com\/Bodecall_\",\"https:\/\/www.youtube.com\/Bodecall-Vinos-Licores\",\"https:\/\/www.tumblr.com\/blog\/bodecall\"],\"url\":\"https:\/\/www.bodecall.com\/blog\/author\/admin\/\"}]}<\/script>\n<!-- \/ Yoast SEO plugin. -->","yoast_head_json":{"title":"Madrid sede del III Congreso Internacional del Ron - Blog de cerveza artesana y de importaci\u00f3n","robots":{"index":"index","follow":"follow","max-snippet":"max-snippet:-1","max-image-preview":"max-image-preview:large","max-video-preview":"max-video-preview:-1"},"canonical":"https:\/\/www.bodecall.com\/blog\/madrid-sede-del-iii-congreso-internacional-del-ron\/","og_locale":"es_ES","og_type":"article","og_title":"Madrid sede del III Congreso Internacional del Ron - Blog de cerveza artesana y de importaci\u00f3n","og_description":"Madrid ser\u00e1 de nuevo la sede del congreso internacional del ron. Este congreso tem\u00e1tico tendr\u00e1 lugar los d\u00edas 3 &#8211;","og_url":"https:\/\/www.bodecall.com\/blog\/madrid-sede-del-iii-congreso-internacional-del-ron\/","og_site_name":"Blog de cerveza artesana y de importaci\u00f3n","article_author":"https:\/\/www.facebook.com\/bodecall","article_published_time":"2014-06-09T09:55:00+00:00","article_modified_time":"2021-06-09T09:56:17+00:00","og_image":[{"width":400,"height":518,"url":"https:\/\/www.bodecall.com\/blog\/wp-content\/uploads\/2021\/06\/Congreso2014.jpg","type":"image\/jpeg"}],"author":"Bodecall Cervezas Artesanas","twitter_card":"summary_large_image","twitter_creator":"@Bodecall_","twitter_misc":{"Escrito por":"Bodecall Cervezas Artesanas","Tiempo de lectura":"2 minutos"},"schema":{"@context":"https:\/\/schema.org","@graph":[{"@type":"Article","@id":"https:\/\/www.bodecall.com\/blog\/madrid-sede-del-iii-congreso-internacional-del-ron\/#article","isPartOf":{"@id":"https:\/\/www.bodecall.com\/blog\/madrid-sede-del-iii-congreso-internacional-del-ron\/"},"author":{"name":"Bodecall Cervezas Artesanas","@id":"https:\/\/www.bodecall.com\/blog\/#\/schema\/person\/fed303d878bae3f832ffcc696eb33622"},"headline":"Madrid sede del III Congreso Internacional del Ron","datePublished":"2014-06-09T09:55:00+00:00","dateModified":"2021-06-09T09:56:17+00:00","mainEntityOfPage":{"@id":"https:\/\/www.bodecall.com\/blog\/madrid-sede-del-iii-congreso-internacional-del-ron\/"},"wordCount":371,"commentCount":0,"publisher":{"@id":"https:\/\/www.bodecall.com\/blog\/#organization"},"image":{"@id":"https:\/\/www.bodecall.com\/blog\/madrid-sede-del-iii-congreso-internacional-del-ron\/#primaryimage"},"thumbnailUrl":"https:\/\/www.bodecall.com\/blog\/wp-content\/uploads\/2021\/06\/Congreso2014.jpg","keywords":["ron"],"articleSection":["Licores"],"inLanguage":"es","potentialAction":[{"@type":"CommentAction","name":"Comment","target":["https:\/\/www.bodecall.com\/blog\/madrid-sede-del-iii-congreso-internacional-del-ron\/#respond"]}]},{"@type":"WebPage","@id":"https:\/\/www.bodecall.com\/blog\/madrid-sede-del-iii-congreso-internacional-del-ron\/","url":"https:\/\/www.bodecall.com\/blog\/madrid-sede-del-iii-congreso-internacional-del-ron\/","name":"Madrid sede del III Congreso Internacional del Ron - Blog de cerveza artesana y de importaci\u00f3n","isPartOf":{"@id":"https:\/\/www.bodecall.com\/blog\/#website"},"primaryImageOfPage":{"@id":"https:\/\/www.bodecall.com\/blog\/madrid-sede-del-iii-congreso-internacional-del-ron\/#primaryimage"},"image":{"@id":"https:\/\/www.bodecall.com\/blog\/madrid-sede-del-iii-congreso-internacional-del-ron\/#primaryimage"},"thumbnailUrl":"https:\/\/www.bodecall.com\/blog\/wp-content\/uploads\/2021\/06\/Congreso2014.jpg","datePublished":"2014-06-09T09:55:00+00:00","dateModified":"2021-06-09T09:56:17+00:00","breadcrumb":{"@id":"https:\/\/www.bodecall.com\/blog\/madrid-sede-del-iii-congreso-internacional-del-ron\/#breadcrumb"},"inLanguage":"es","potentialAction":[{"@type":"ReadAction","target":["https:\/\/www.bodecall.com\/blog\/madrid-sede-del-iii-congreso-internacional-del-ron\/"]}]},{"@type":"ImageObject","inLanguage":"es","@id":"https:\/\/www.bodecall.com\/blog\/madrid-sede-del-iii-congreso-internacional-del-ron\/#primaryimage","url":"https:\/\/www.bodecall.com\/blog\/wp-content\/uploads\/2021\/06\/Congreso2014.jpg","contentUrl":"https:\/\/www.bodecall.com\/blog\/wp-content\/uploads\/2021\/06\/Congreso2014.jpg","width":400,"height":518,"caption":"Congreso del Ron 2014"},{"@type":"BreadcrumbList","@id":"https:\/\/www.bodecall.com\/blog\/madrid-sede-del-iii-congreso-internacional-del-ron\/#breadcrumb","itemListElement":[{"@type":"ListItem","position":1,"name":"Portada","item":"https:\/\/www.bodecall.com\/blog\/"},{"@type":"ListItem","position":2,"name":"Madrid sede del III Congreso Internacional del Ron"}]},{"@type":"WebSite","@id":"https:\/\/www.bodecall.com\/blog\/#website","url":"https:\/\/www.bodecall.com\/blog\/","name":"Blog de cerveza artesana y de importaci\u00f3n","description":"Explora el universo de la cerveza con noticias, novedades, curiosidades y gu\u00edas en el blog de cerveza de Bodecall","publisher":{"@id":"https:\/\/www.bodecall.com\/blog\/#organization"},"potentialAction":[{"@type":"SearchAction","target":{"@type":"EntryPoint","urlTemplate":"https:\/\/www.bodecall.com\/blog\/?s={search_term_string}"},"query-input":{"@type":"PropertyValueSpecification","valueRequired":true,"valueName":"search_term_string"}}],"inLanguage":"es"},{"@type":"Organization","@id":"https:\/\/www.bodecall.com\/blog\/#organization","name":"Blog de cerveza artesana y de importaci\u00f3n","url":"https:\/\/www.bodecall.com\/blog\/","logo":{"@type":"ImageObject","inLanguage":"es","@id":"https:\/\/www.bodecall.com\/blog\/#\/schema\/logo\/image\/","url":"https:\/\/www.bodecall.com\/blog\/wp-content\/uploads\/2020\/11\/logo-bodecall-blog.jpg","contentUrl":"https:\/\/www.bodecall.com\/blog\/wp-content\/uploads\/2020\/11\/logo-bodecall-blog.jpg","width":200,"height":53,"caption":"Blog de cerveza artesana y de importaci\u00f3n"},"image":{"@id":"https:\/\/www.bodecall.com\/blog\/#\/schema\/logo\/image\/"}},{"@type":"Person","@id":"https:\/\/www.bodecall.com\/blog\/#\/schema\/person\/fed303d878bae3f832ffcc696eb33622","name":"Bodecall Cervezas Artesanas","image":{"@type":"ImageObject","inLanguage":"es","@id":"https:\/\/www.bodecall.com\/blog\/#\/schema\/person\/image\/","url":"https:\/\/secure.gravatar.com\/avatar\/4245cc729cf13e2723c8a40af0e03c5dfc48574718e46a5a9634416ff2051316?s=96&d=identicon&r=g","contentUrl":"https:\/\/secure.gravatar.com\/avatar\/4245cc729cf13e2723c8a40af0e03c5dfc48574718e46a5a9634416ff2051316?s=96&d=identicon&r=g","caption":"Bodecall Cervezas Artesanas"},"description":"En Bodecall somos especialistas en cervezas y nos encanta escribir sobre todo lo que rodea a esta deliciosa bebida: desde los procesos de elaboraci\u00f3n hasta su historia y cultura. Adem\u00e1s, nos dedicamos a seleccionar, recomendar y ofrecer las mejores cervezas artesanales, de importaci\u00f3n y cl\u00e1sicas, para que disfrutes de una experiencia \u00fanica en cada sorbo. \u00danete a nuestra comunidad cervecera y descubre con nosotros los secretos detr\u00e1s de cada cerveza.","sameAs":["http:\/\/bodecall.com","https:\/\/www.facebook.com\/bodecall","https:\/\/www.instagram.com\/bodecall_","https:\/\/x.com\/Bodecall_","https:\/\/www.youtube.com\/Bodecall-Vinos-Licores","https:\/\/www.tumblr.com\/blog\/bodecall"],"url":"https:\/\/www.bodecall.com\/blog\/author\/admin\/"}]}},"_links":{"self":[{"href":"https:\/\/www.bodecall.com\/blog\/wp-json\/wp\/v2\/posts\/4039","targetHints":{"allow":["GET"]}}],"collection":[{"href":"https:\/\/www.bodecall.com\/blog\/wp-json\/wp\/v2\/posts"}],"about":[{"href":"https:\/\/www.bodecall.com\/blog\/wp-json\/wp\/v2\/types\/post"}],"author":[{"embeddable":true,"href":"https:\/\/www.bodecall.com\/blog\/wp-json\/wp\/v2\/users\/1"}],"replies":[{"embeddable":true,"href":"https:\/\/www.bodecall.com\/blog\/wp-json\/wp\/v2\/comments?post=4039"}],"version-history":[{"count":2,"href":"https:\/\/www.bodecall.com\/blog\/wp-json\/wp\/v2\/posts\/4039\/revisions"}],"predecessor-version":[{"id":4042,"href":"https:\/\/www.bodecall.com\/blog\/wp-json\/wp\/v2\/posts\/4039\/revisions\/4042"}],"wp:featuredmedia":[{"embeddable":true,"href":"https:\/\/www.bodecall.com\/blog\/wp-json\/wp\/v2\/media\/4040"}],"wp:attachment":[{"href":"https:\/\/www.bodecall.com\/blog\/wp-json\/wp\/v2\/media?parent=4039"}],"wp:term":[{"taxonomy":"category","embeddable":true,"href":"https:\/\/www.bodecall.com\/blog\/wp-json\/wp\/v2\/categories?post=4039"},{"taxonomy":"post_tag","embeddable":true,"href":"https:\/\/www.bodecall.com\/blog\/wp-json\/wp\/v2\/tags?post=4039"}],"curies":[{"name":"wp","href":"https:\/\/api.w.org\/{rel}","templated":true}]}}