{"id":433,"date":"2015-03-13T11:51:28","date_gmt":"2015-03-13T10:51:28","guid":{"rendered":"http:\/\/www.bodecall.com\/blog\/?p=433"},"modified":"2022-02-09T10:44:44","modified_gmt":"2022-02-09T09:44:44","slug":"comienza-la-ii-cumbre-internacional-del-vino","status":"publish","type":"post","link":"https:\/\/www.bodecall.com\/blog\/comienza-la-ii-cumbre-internacional-del-vino\/","title":{"rendered":"Comienza la II Cumbre Internacional del Vino"},"content":{"rendered":"<p>La II Cumbre Internacional del Vino en Toledo es un evento que tiene lugar del 12 al 14 de marzo en Toledo y en el que participan expertos del sector y profesionales nacionales e internacionales relacionados con el mundo del vino.<\/p>\n<p>Adem\u00e1s de los actos relacionados con la promoci\u00f3n de los vinos de Castilla-La Mancha, tendr\u00e1n lugar actuaciones musicales, mesas redondas y catas comentadas abiertas al p\u00fablico. Los asistentes tambi\u00e9n podr\u00e1n disfrutar el 13 de marzo de un Show Cooking a cargo de cuatro cocineros de la Selecci\u00f3n Espa\u00f1ola de Cocina, y con el conocido sumiller Josep Roca como estrella principal, que dar\u00e1 una conferencia junto con especialistas de otros establecimientos.<\/p>\n<p>Este evento tambi\u00e9n recibir\u00e1 visitas de importantes importadores de USA o Alemania para realizar la cata de 45 distintos tipos de vinos \u00a0de la regi\u00f3n de Castilla-La Mancha<\/p>\n<p>Durante el viernes tambi\u00e9n ser\u00e1 posible asistir a una conferencia sobre vino y salud, una mesa redonda sobre c\u00f3mo era el mundo del vino en la \u00e9poca del Quijote, y un encuentro de blogueros del mundo del vino.<\/p>\n<p>El s\u00e1bado 14 quien lo desee podr\u00e1n visitar diferentes bodegas castellano-manchegas, ya que se celebrar\u00e1 una jornada de puertas abiertas. Adem\u00e1s tendr\u00e1 lugar el Certamen de Calidad de Vinos de Jumilla en Albacete, el concurso de vino Tierra de Don Quijote en Alc\u00e1zar de San Juan, y habr\u00e1 una exposici\u00f3n especial en el Museo Infanta Elena de la Cooperativa Virgen de las Vi\u00f1as.<\/p>\n","protected":false},"excerpt":{"rendered":"<p>La II Cumbre Internacional del Vino en Toledo es un evento que tiene lugar del 12 al 14 de marzo<\/p>\n","protected":false},"author":1,"featured_media":434,"comment_status":"open","ping_status":"open","sticky":false,"template":"","format":"standard","meta":{"_acf_changed":false,"footnotes":""},"categories":[3],"tags":[39],"class_list":["post-433","post","type-post","status-publish","format-standard","has-post-thumbnail","hentry","category-vinos","tag-vino"],"acf":[],"yoast_head":"<!-- This site is optimized with the Yoast SEO plugin v26.8 - https:\/\/yoast.com\/product\/yoast-seo-wordpress\/ -->\n<title>Comienza la II Cumbre Internacional del Vino - Blog de cerveza artesana y de importaci\u00f3n<\/title>\n<meta name=\"robots\" content=\"index, follow, max-snippet:-1, max-image-preview:large, max-video-preview:-1\" \/>\n<link rel=\"canonical\" href=\"https:\/\/www.bodecall.com\/blog\/comienza-la-ii-cumbre-internacional-del-vino\/\" \/>\n<meta property=\"og:locale\" content=\"es_ES\" \/>\n<meta property=\"og:type\" content=\"article\" \/>\n<meta property=\"og:title\" content=\"Comienza la II Cumbre Internacional del Vino - Blog de cerveza artesana y de importaci\u00f3n\" \/>\n<meta property=\"og:description\" content=\"La II Cumbre Internacional del Vino en Toledo es un evento que tiene lugar del 12 al 14 de marzo\" \/>\n<meta property=\"og:url\" content=\"https:\/\/www.bodecall.com\/blog\/comienza-la-ii-cumbre-internacional-del-vino\/\" \/>\n<meta property=\"og:site_name\" content=\"Blog de cerveza artesana y de importaci\u00f3n\" \/>\n<meta property=\"article:author\" content=\"https:\/\/www.facebook.com\/bodecall\" \/>\n<meta property=\"article:published_time\" content=\"2015-03-13T10:51:28+00:00\" \/>\n<meta property=\"article:modified_time\" content=\"2022-02-09T09:44:44+00:00\" \/>\n<meta property=\"og:image\" content=\"https:\/\/www.bodecall.com\/blog\/wp-content\/uploads\/2015\/03\/II-cumbre-internacinal-del-vino-clm.jpg\" \/>\n\t<meta property=\"og:image:width\" content=\"680\" \/>\n\t<meta property=\"og:image:height\" content=\"372\" \/>\n\t<meta property=\"og:image:type\" content=\"image\/jpeg\" \/>\n<meta name=\"author\" content=\"Bodecall Cervezas Artesanas\" \/>\n<meta name=\"twitter:card\" content=\"summary_large_image\" \/>\n<meta name=\"twitter:creator\" content=\"@Bodecall_\" \/>\n<meta name=\"twitter:label1\" content=\"Escrito por\" \/>\n\t<meta name=\"twitter:data1\" content=\"Bodecall Cervezas Artesanas\" \/>\n\t<meta name=\"twitter:label2\" content=\"Tiempo de lectura\" \/>\n\t<meta name=\"twitter:data2\" content=\"2 minutos\" \/>\n<script type=\"application\/ld+json\" class=\"yoast-schema-graph\">{\"@context\":\"https:\/\/schema.org\",\"@graph\":[{\"@type\":\"Article\",\"@id\":\"https:\/\/www.bodecall.com\/blog\/comienza-la-ii-cumbre-internacional-del-vino\/#article\",\"isPartOf\":{\"@id\":\"https:\/\/www.bodecall.com\/blog\/comienza-la-ii-cumbre-internacional-del-vino\/\"},\"author\":{\"name\":\"Bodecall Cervezas Artesanas\",\"@id\":\"https:\/\/www.bodecall.com\/blog\/#\/schema\/person\/fed303d878bae3f832ffcc696eb33622\"},\"headline\":\"Comienza la II Cumbre Internacional del Vino\",\"datePublished\":\"2015-03-13T10:51:28+00:00\",\"dateModified\":\"2022-02-09T09:44:44+00:00\",\"mainEntityOfPage\":{\"@id\":\"https:\/\/www.bodecall.com\/blog\/comienza-la-ii-cumbre-internacional-del-vino\/\"},\"wordCount\":260,\"commentCount\":0,\"publisher\":{\"@id\":\"https:\/\/www.bodecall.com\/blog\/#organization\"},\"image\":{\"@id\":\"https:\/\/www.bodecall.com\/blog\/comienza-la-ii-cumbre-internacional-del-vino\/#primaryimage\"},\"thumbnailUrl\":\"https:\/\/www.bodecall.com\/blog\/wp-content\/uploads\/2015\/03\/II-cumbre-internacinal-del-vino-clm.jpg\",\"keywords\":[\"vino\"],\"articleSection\":[\"Vinos\"],\"inLanguage\":\"es\",\"potentialAction\":[{\"@type\":\"CommentAction\",\"name\":\"Comment\",\"target\":[\"https:\/\/www.bodecall.com\/blog\/comienza-la-ii-cumbre-internacional-del-vino\/#respond\"]}]},{\"@type\":\"WebPage\",\"@id\":\"https:\/\/www.bodecall.com\/blog\/comienza-la-ii-cumbre-internacional-del-vino\/\",\"url\":\"https:\/\/www.bodecall.com\/blog\/comienza-la-ii-cumbre-internacional-del-vino\/\",\"name\":\"Comienza la II Cumbre Internacional del Vino - Blog de cerveza artesana y de importaci\u00f3n\",\"isPartOf\":{\"@id\":\"https:\/\/www.bodecall.com\/blog\/#website\"},\"primaryImageOfPage\":{\"@id\":\"https:\/\/www.bodecall.com\/blog\/comienza-la-ii-cumbre-internacional-del-vino\/#primaryimage\"},\"image\":{\"@id\":\"https:\/\/www.bodecall.com\/blog\/comienza-la-ii-cumbre-internacional-del-vino\/#primaryimage\"},\"thumbnailUrl\":\"https:\/\/www.bodecall.com\/blog\/wp-content\/uploads\/2015\/03\/II-cumbre-internacinal-del-vino-clm.jpg\",\"datePublished\":\"2015-03-13T10:51:28+00:00\",\"dateModified\":\"2022-02-09T09:44:44+00:00\",\"breadcrumb\":{\"@id\":\"https:\/\/www.bodecall.com\/blog\/comienza-la-ii-cumbre-internacional-del-vino\/#breadcrumb\"},\"inLanguage\":\"es\",\"potentialAction\":[{\"@type\":\"ReadAction\",\"target\":[\"https:\/\/www.bodecall.com\/blog\/comienza-la-ii-cumbre-internacional-del-vino\/\"]}]},{\"@type\":\"ImageObject\",\"inLanguage\":\"es\",\"@id\":\"https:\/\/www.bodecall.com\/blog\/comienza-la-ii-cumbre-internacional-del-vino\/#primaryimage\",\"url\":\"https:\/\/www.bodecall.com\/blog\/wp-content\/uploads\/2015\/03\/II-cumbre-internacinal-del-vino-clm.jpg\",\"contentUrl\":\"https:\/\/www.bodecall.com\/blog\/wp-content\/uploads\/2015\/03\/II-cumbre-internacinal-del-vino-clm.jpg\",\"width\":680,\"height\":372,\"caption\":\"II Cumbre Internacional del Vino\"},{\"@type\":\"BreadcrumbList\",\"@id\":\"https:\/\/www.bodecall.com\/blog\/comienza-la-ii-cumbre-internacional-del-vino\/#breadcrumb\",\"itemListElement\":[{\"@type\":\"ListItem\",\"position\":1,\"name\":\"Portada\",\"item\":\"https:\/\/www.bodecall.com\/blog\/\"},{\"@type\":\"ListItem\",\"position\":2,\"name\":\"Comienza la II Cumbre Internacional del Vino\"}]},{\"@type\":\"WebSite\",\"@id\":\"https:\/\/www.bodecall.com\/blog\/#website\",\"url\":\"https:\/\/www.bodecall.com\/blog\/\",\"name\":\"Blog de cerveza artesana y de importaci\u00f3n\",\"description\":\"Explora el universo de la cerveza con noticias, novedades, curiosidades y gu\u00edas en el blog de cerveza de Bodecall\",\"publisher\":{\"@id\":\"https:\/\/www.bodecall.com\/blog\/#organization\"},\"potentialAction\":[{\"@type\":\"SearchAction\",\"target\":{\"@type\":\"EntryPoint\",\"urlTemplate\":\"https:\/\/www.bodecall.com\/blog\/?s={search_term_string}\"},\"query-input\":{\"@type\":\"PropertyValueSpecification\",\"valueRequired\":true,\"valueName\":\"search_term_string\"}}],\"inLanguage\":\"es\"},{\"@type\":\"Organization\",\"@id\":\"https:\/\/www.bodecall.com\/blog\/#organization\",\"name\":\"Blog de cerveza artesana y de importaci\u00f3n\",\"url\":\"https:\/\/www.bodecall.com\/blog\/\",\"logo\":{\"@type\":\"ImageObject\",\"inLanguage\":\"es\",\"@id\":\"https:\/\/www.bodecall.com\/blog\/#\/schema\/logo\/image\/\",\"url\":\"https:\/\/www.bodecall.com\/blog\/wp-content\/uploads\/2020\/11\/logo-bodecall-blog.jpg\",\"contentUrl\":\"https:\/\/www.bodecall.com\/blog\/wp-content\/uploads\/2020\/11\/logo-bodecall-blog.jpg\",\"width\":200,\"height\":53,\"caption\":\"Blog de cerveza artesana y de importaci\u00f3n\"},\"image\":{\"@id\":\"https:\/\/www.bodecall.com\/blog\/#\/schema\/logo\/image\/\"}},{\"@type\":\"Person\",\"@id\":\"https:\/\/www.bodecall.com\/blog\/#\/schema\/person\/fed303d878bae3f832ffcc696eb33622\",\"name\":\"Bodecall Cervezas Artesanas\",\"image\":{\"@type\":\"ImageObject\",\"inLanguage\":\"es\",\"@id\":\"https:\/\/www.bodecall.com\/blog\/#\/schema\/person\/image\/\",\"url\":\"https:\/\/secure.gravatar.com\/avatar\/4245cc729cf13e2723c8a40af0e03c5dfc48574718e46a5a9634416ff2051316?s=96&d=identicon&r=g\",\"contentUrl\":\"https:\/\/secure.gravatar.com\/avatar\/4245cc729cf13e2723c8a40af0e03c5dfc48574718e46a5a9634416ff2051316?s=96&d=identicon&r=g\",\"caption\":\"Bodecall Cervezas Artesanas\"},\"description\":\"En Bodecall somos especialistas en cervezas y nos encanta escribir sobre todo lo que rodea a esta deliciosa bebida: desde los procesos de elaboraci\u00f3n hasta su historia y cultura. Adem\u00e1s, nos dedicamos a seleccionar, recomendar y ofrecer las mejores cervezas artesanales, de importaci\u00f3n y cl\u00e1sicas, para que disfrutes de una experiencia \u00fanica en cada sorbo. \u00danete a nuestra comunidad cervecera y descubre con nosotros los secretos detr\u00e1s de cada cerveza.\",\"sameAs\":[\"http:\/\/bodecall.com\",\"https:\/\/www.facebook.com\/bodecall\",\"https:\/\/www.instagram.com\/bodecall_\",\"https:\/\/x.com\/Bodecall_\",\"https:\/\/www.youtube.com\/Bodecall-Vinos-Licores\",\"https:\/\/www.tumblr.com\/blog\/bodecall\"],\"url\":\"https:\/\/www.bodecall.com\/blog\/author\/admin\/\"}]}<\/script>\n<!-- \/ Yoast SEO plugin. -->","yoast_head_json":{"title":"Comienza la II Cumbre Internacional del Vino - Blog de cerveza artesana y de importaci\u00f3n","robots":{"index":"index","follow":"follow","max-snippet":"max-snippet:-1","max-image-preview":"max-image-preview:large","max-video-preview":"max-video-preview:-1"},"canonical":"https:\/\/www.bodecall.com\/blog\/comienza-la-ii-cumbre-internacional-del-vino\/","og_locale":"es_ES","og_type":"article","og_title":"Comienza la II Cumbre Internacional del Vino - Blog de cerveza artesana y de importaci\u00f3n","og_description":"La II Cumbre Internacional del Vino en Toledo es un evento que tiene lugar del 12 al 14 de marzo","og_url":"https:\/\/www.bodecall.com\/blog\/comienza-la-ii-cumbre-internacional-del-vino\/","og_site_name":"Blog de cerveza artesana y de importaci\u00f3n","article_author":"https:\/\/www.facebook.com\/bodecall","article_published_time":"2015-03-13T10:51:28+00:00","article_modified_time":"2022-02-09T09:44:44+00:00","og_image":[{"width":680,"height":372,"url":"https:\/\/www.bodecall.com\/blog\/wp-content\/uploads\/2015\/03\/II-cumbre-internacinal-del-vino-clm.jpg","type":"image\/jpeg"}],"author":"Bodecall Cervezas Artesanas","twitter_card":"summary_large_image","twitter_creator":"@Bodecall_","twitter_misc":{"Escrito por":"Bodecall Cervezas Artesanas","Tiempo de lectura":"2 minutos"},"schema":{"@context":"https:\/\/schema.org","@graph":[{"@type":"Article","@id":"https:\/\/www.bodecall.com\/blog\/comienza-la-ii-cumbre-internacional-del-vino\/#article","isPartOf":{"@id":"https:\/\/www.bodecall.com\/blog\/comienza-la-ii-cumbre-internacional-del-vino\/"},"author":{"name":"Bodecall Cervezas Artesanas","@id":"https:\/\/www.bodecall.com\/blog\/#\/schema\/person\/fed303d878bae3f832ffcc696eb33622"},"headline":"Comienza la II Cumbre Internacional del Vino","datePublished":"2015-03-13T10:51:28+00:00","dateModified":"2022-02-09T09:44:44+00:00","mainEntityOfPage":{"@id":"https:\/\/www.bodecall.com\/blog\/comienza-la-ii-cumbre-internacional-del-vino\/"},"wordCount":260,"commentCount":0,"publisher":{"@id":"https:\/\/www.bodecall.com\/blog\/#organization"},"image":{"@id":"https:\/\/www.bodecall.com\/blog\/comienza-la-ii-cumbre-internacional-del-vino\/#primaryimage"},"thumbnailUrl":"https:\/\/www.bodecall.com\/blog\/wp-content\/uploads\/2015\/03\/II-cumbre-internacinal-del-vino-clm.jpg","keywords":["vino"],"articleSection":["Vinos"],"inLanguage":"es","potentialAction":[{"@type":"CommentAction","name":"Comment","target":["https:\/\/www.bodecall.com\/blog\/comienza-la-ii-cumbre-internacional-del-vino\/#respond"]}]},{"@type":"WebPage","@id":"https:\/\/www.bodecall.com\/blog\/comienza-la-ii-cumbre-internacional-del-vino\/","url":"https:\/\/www.bodecall.com\/blog\/comienza-la-ii-cumbre-internacional-del-vino\/","name":"Comienza la II Cumbre Internacional del Vino - Blog de cerveza artesana y de importaci\u00f3n","isPartOf":{"@id":"https:\/\/www.bodecall.com\/blog\/#website"},"primaryImageOfPage":{"@id":"https:\/\/www.bodecall.com\/blog\/comienza-la-ii-cumbre-internacional-del-vino\/#primaryimage"},"image":{"@id":"https:\/\/www.bodecall.com\/blog\/comienza-la-ii-cumbre-internacional-del-vino\/#primaryimage"},"thumbnailUrl":"https:\/\/www.bodecall.com\/blog\/wp-content\/uploads\/2015\/03\/II-cumbre-internacinal-del-vino-clm.jpg","datePublished":"2015-03-13T10:51:28+00:00","dateModified":"2022-02-09T09:44:44+00:00","breadcrumb":{"@id":"https:\/\/www.bodecall.com\/blog\/comienza-la-ii-cumbre-internacional-del-vino\/#breadcrumb"},"inLanguage":"es","potentialAction":[{"@type":"ReadAction","target":["https:\/\/www.bodecall.com\/blog\/comienza-la-ii-cumbre-internacional-del-vino\/"]}]},{"@type":"ImageObject","inLanguage":"es","@id":"https:\/\/www.bodecall.com\/blog\/comienza-la-ii-cumbre-internacional-del-vino\/#primaryimage","url":"https:\/\/www.bodecall.com\/blog\/wp-content\/uploads\/2015\/03\/II-cumbre-internacinal-del-vino-clm.jpg","contentUrl":"https:\/\/www.bodecall.com\/blog\/wp-content\/uploads\/2015\/03\/II-cumbre-internacinal-del-vino-clm.jpg","width":680,"height":372,"caption":"II Cumbre Internacional del Vino"},{"@type":"BreadcrumbList","@id":"https:\/\/www.bodecall.com\/blog\/comienza-la-ii-cumbre-internacional-del-vino\/#breadcrumb","itemListElement":[{"@type":"ListItem","position":1,"name":"Portada","item":"https:\/\/www.bodecall.com\/blog\/"},{"@type":"ListItem","position":2,"name":"Comienza la II Cumbre Internacional del Vino"}]},{"@type":"WebSite","@id":"https:\/\/www.bodecall.com\/blog\/#website","url":"https:\/\/www.bodecall.com\/blog\/","name":"Blog de cerveza artesana y de importaci\u00f3n","description":"Explora el universo de la cerveza con noticias, novedades, curiosidades y gu\u00edas en el blog de cerveza de Bodecall","publisher":{"@id":"https:\/\/www.bodecall.com\/blog\/#organization"},"potentialAction":[{"@type":"SearchAction","target":{"@type":"EntryPoint","urlTemplate":"https:\/\/www.bodecall.com\/blog\/?s={search_term_string}"},"query-input":{"@type":"PropertyValueSpecification","valueRequired":true,"valueName":"search_term_string"}}],"inLanguage":"es"},{"@type":"Organization","@id":"https:\/\/www.bodecall.com\/blog\/#organization","name":"Blog de cerveza artesana y de importaci\u00f3n","url":"https:\/\/www.bodecall.com\/blog\/","logo":{"@type":"ImageObject","inLanguage":"es","@id":"https:\/\/www.bodecall.com\/blog\/#\/schema\/logo\/image\/","url":"https:\/\/www.bodecall.com\/blog\/wp-content\/uploads\/2020\/11\/logo-bodecall-blog.jpg","contentUrl":"https:\/\/www.bodecall.com\/blog\/wp-content\/uploads\/2020\/11\/logo-bodecall-blog.jpg","width":200,"height":53,"caption":"Blog de cerveza artesana y de importaci\u00f3n"},"image":{"@id":"https:\/\/www.bodecall.com\/blog\/#\/schema\/logo\/image\/"}},{"@type":"Person","@id":"https:\/\/www.bodecall.com\/blog\/#\/schema\/person\/fed303d878bae3f832ffcc696eb33622","name":"Bodecall Cervezas Artesanas","image":{"@type":"ImageObject","inLanguage":"es","@id":"https:\/\/www.bodecall.com\/blog\/#\/schema\/person\/image\/","url":"https:\/\/secure.gravatar.com\/avatar\/4245cc729cf13e2723c8a40af0e03c5dfc48574718e46a5a9634416ff2051316?s=96&d=identicon&r=g","contentUrl":"https:\/\/secure.gravatar.com\/avatar\/4245cc729cf13e2723c8a40af0e03c5dfc48574718e46a5a9634416ff2051316?s=96&d=identicon&r=g","caption":"Bodecall Cervezas Artesanas"},"description":"En Bodecall somos especialistas en cervezas y nos encanta escribir sobre todo lo que rodea a esta deliciosa bebida: desde los procesos de elaboraci\u00f3n hasta su historia y cultura. Adem\u00e1s, nos dedicamos a seleccionar, recomendar y ofrecer las mejores cervezas artesanales, de importaci\u00f3n y cl\u00e1sicas, para que disfrutes de una experiencia \u00fanica en cada sorbo. \u00danete a nuestra comunidad cervecera y descubre con nosotros los secretos detr\u00e1s de cada cerveza.","sameAs":["http:\/\/bodecall.com","https:\/\/www.facebook.com\/bodecall","https:\/\/www.instagram.com\/bodecall_","https:\/\/x.com\/Bodecall_","https:\/\/www.youtube.com\/Bodecall-Vinos-Licores","https:\/\/www.tumblr.com\/blog\/bodecall"],"url":"https:\/\/www.bodecall.com\/blog\/author\/admin\/"}]}},"_links":{"self":[{"href":"https:\/\/www.bodecall.com\/blog\/wp-json\/wp\/v2\/posts\/433","targetHints":{"allow":["GET"]}}],"collection":[{"href":"https:\/\/www.bodecall.com\/blog\/wp-json\/wp\/v2\/posts"}],"about":[{"href":"https:\/\/www.bodecall.com\/blog\/wp-json\/wp\/v2\/types\/post"}],"author":[{"embeddable":true,"href":"https:\/\/www.bodecall.com\/blog\/wp-json\/wp\/v2\/users\/1"}],"replies":[{"embeddable":true,"href":"https:\/\/www.bodecall.com\/blog\/wp-json\/wp\/v2\/comments?post=433"}],"version-history":[{"count":2,"href":"https:\/\/www.bodecall.com\/blog\/wp-json\/wp\/v2\/posts\/433\/revisions"}],"predecessor-version":[{"id":4408,"href":"https:\/\/www.bodecall.com\/blog\/wp-json\/wp\/v2\/posts\/433\/revisions\/4408"}],"wp:featuredmedia":[{"embeddable":true,"href":"https:\/\/www.bodecall.com\/blog\/wp-json\/wp\/v2\/media\/434"}],"wp:attachment":[{"href":"https:\/\/www.bodecall.com\/blog\/wp-json\/wp\/v2\/media?parent=433"}],"wp:term":[{"taxonomy":"category","embeddable":true,"href":"https:\/\/www.bodecall.com\/blog\/wp-json\/wp\/v2\/categories?post=433"},{"taxonomy":"post_tag","embeddable":true,"href":"https:\/\/www.bodecall.com\/blog\/wp-json\/wp\/v2\/tags?post=433"}],"curies":[{"name":"wp","href":"https:\/\/api.w.org\/{rel}","templated":true}]}}