{"id":6958,"date":"2025-11-06T16:19:57","date_gmt":"2025-11-06T15:19:57","guid":{"rendered":"https:\/\/www.bodecall.com\/blog\/?p=6958"},"modified":"2025-11-06T16:25:18","modified_gmt":"2025-11-06T15:25:18","slug":"kerstbierfestival-el-paraiso-invernal-de-la-cerveza-de-navidad","status":"publish","type":"post","link":"https:\/\/www.bodecall.com\/blog\/kerstbierfestival-el-paraiso-invernal-de-la-cerveza-de-navidad\/","title":{"rendered":"Kerstbierfestival: el para\u00edso invernal de la cerveza de Navidad"},"content":{"rendered":"<div id=\"ez-toc-container\" class=\"ez-toc-v2_0_80 counter-hierarchy ez-toc-counter ez-toc-light-blue ez-toc-container-direction\">\n<div class=\"ez-toc-title-container\">\n<p class=\"ez-toc-title\" style=\"cursor:inherit\">\u00cdndice<\/p>\n<span class=\"ez-toc-title-toggle\"><a href=\"#\" class=\"ez-toc-pull-right ez-toc-btn ez-toc-btn-xs ez-toc-btn-default ez-toc-toggle\" aria-label=\"Alternar tabla de contenidos\"><span class=\"ez-toc-js-icon-con\"><span class=\"\"><span class=\"eztoc-hide\" style=\"display:none;\">Toggle<\/span><span class=\"ez-toc-icon-toggle-span\"><svg style=\"fill: #999;color:#999\" xmlns=\"http:\/\/www.w3.org\/2000\/svg\" class=\"list-377408\" width=\"20px\" height=\"20px\" viewBox=\"0 0 24 24\" fill=\"none\"><path d=\"M6 6H4v2h2V6zm14 0H8v2h12V6zM4 11h2v2H4v-2zm16 0H8v2h12v-2zM4 16h2v2H4v-2zm16 0H8v2h12v-2z\" fill=\"currentColor\"><\/path><\/svg><svg style=\"fill: #999;color:#999\" class=\"arrow-unsorted-368013\" xmlns=\"http:\/\/www.w3.org\/2000\/svg\" width=\"10px\" height=\"10px\" viewBox=\"0 0 24 24\" version=\"1.2\" baseProfile=\"tiny\"><path d=\"M18.2 9.3l-6.2-6.3-6.2 6.3c-.2.2-.3.4-.3.7s.1.5.3.7c.2.2.4.3.7.3h11c.3 0 .5-.1.7-.3.2-.2.3-.5.3-.7s-.1-.5-.3-.7zM5.8 14.7l6.2 6.3 6.2-6.3c.2-.2.3-.5.3-.7s-.1-.5-.3-.7c-.2-.2-.4-.3-.7-.3h-11c-.3 0-.5.1-.7.3-.2.2-.3.5-.3.7s.1.5.3.7z\"\/><\/svg><\/span><\/span><\/span><\/a><\/span><\/div>\n<nav><ul class='ez-toc-list ez-toc-list-level-1 ' ><li class='ez-toc-page-1 ez-toc-heading-level-2'><a class=\"ez-toc-link ez-toc-heading-1\" href=\"https:\/\/www.bodecall.com\/blog\/kerstbierfestival-el-paraiso-invernal-de-la-cerveza-de-navidad\/#El_festival_de_la_cerveza_de_Navidad\" >El festival de la cerveza de Navidad<\/a><\/li><li class='ez-toc-page-1 ez-toc-heading-level-2'><a class=\"ez-toc-link ez-toc-heading-2\" href=\"https:\/\/www.bodecall.com\/blog\/kerstbierfestival-el-paraiso-invernal-de-la-cerveza-de-navidad\/#Gluhkriek_el_abrazo_calido_de_la_cereza\" >Gl\u00fchkriek: el abrazo c\u00e1lido de la cereza<\/a><\/li><li class='ez-toc-page-1 ez-toc-heading-level-2'><a class=\"ez-toc-link ez-toc-heading-3\" href=\"https:\/\/www.bodecall.com\/blog\/kerstbierfestival-el-paraiso-invernal-de-la-cerveza-de-navidad\/#Un_punto_de_encuentro_global\" >Un punto de encuentro global<\/a><\/li><\/ul><\/nav><\/div>\n\n\n\n<p>Llega el invierno y con \u00e9l las esperadas <a href=\"https:\/\/www.bodecall.com\/resultado-de-la-busqueda\/cerveza\/?custom_f_74[0]=4e617669646164\">cervezas de Navidad y las Winter Ales<\/a>. Estas cervezas se caracterizan por su <strong>car\u00e1cter c\u00e1lido y especiado<\/strong> y, en el caso de las cervezas navide\u00f1as, adem\u00e1s suelen mostrar motivos navide\u00f1os e invernales en la etiqueta.<\/p>\n<p>Las cervezas invernales tienen m\u00e1s de mil a\u00f1os, ya que existen desde que los vikingos celebraban Yule con<a href=\"https:\/\/www.bodecall.com\/blog\/cervezas-navidenas-tradicion-e-historia\/\"> <strong>potentes cervezas invernales<\/strong> <\/a>que honraban a los dioses n\u00f3rdicos.<\/p>\n<p><a href=\"https:\/\/www.bodecall.com\/cerveza\/st-bernardus-christmas-ale-detail\"><img loading=\"lazy\" decoding=\"async\" class=\"aligncenter size-full wp-image-6962\" src=\"https:\/\/www.bodecall.com\/blog\/wp-content\/uploads\/2025\/11\/st-bernardus-christmas-ale.png\" alt=\"St Bernardus Chrismas Ale, cerveza de Navidad belga\" width=\"800\" height=\"445\" srcset=\"https:\/\/www.bodecall.com\/blog\/wp-content\/uploads\/2025\/11\/st-bernardus-christmas-ale.png 800w, https:\/\/www.bodecall.com\/blog\/wp-content\/uploads\/2025\/11\/st-bernardus-christmas-ale-300x167.png 300w, https:\/\/www.bodecall.com\/blog\/wp-content\/uploads\/2025\/11\/st-bernardus-christmas-ale-768x427.png 768w\" sizes=\"auto, (max-width: 800px) 100vw, 800px\" \/><\/a><\/p>\n<h2><span class=\"ez-toc-section\" id=\"El_festival_de_la_cerveza_de_Navidad\"><\/span>El festival de la cerveza de Navidad<span class=\"ez-toc-section-end\"><\/span><\/h2>\n<p>Desde 1994 se celebra anualmente, en la localidad belga de Essen, el<a href=\"https:\/\/www.kerstbierfestival.be\"> Kerstbierfestival, o Festival de la Cerveza de Navidad,<\/a> una celebraci\u00f3n dedicada a las cervezas invernales m\u00e1s especiales del pa\u00eds.<\/p>\n<p>Este festival no es solo un festival cervecero: es un homenaje a la cerveza navide\u00f1a que cada a\u00f1o anuncia el invierno. Durante dos d\u00edas, a mediados de diciembre, los asistentes pueden degustar cerca de <strong>200 cervezas navide\u00f1as y de invierno<\/strong>, muchas de ellas elaboradas exclusivamente para el evento.<\/p>\n<p>Aqu\u00ed se dan cita cervezas raras y de edici\u00f3n limitada, Ales oscuras y especiadas, cervezas maduradas en barrica y joyas de microcervecer\u00edas que rara vez salen de sus regiones. Algunas de estas cervezas solo se pueden degustar en este festival.<\/p>\n<figure id=\"attachment_6960\" aria-describedby=\"caption-attachment-6960\" style=\"width: 800px\" class=\"wp-caption aligncenter\"><img loading=\"lazy\" decoding=\"async\" class=\"size-full wp-image-6960\" src=\"https:\/\/www.bodecall.com\/blog\/wp-content\/uploads\/2025\/11\/festival-de-cervezas-navidenas-essen.png\" alt=\"Kerstbier Festival \" width=\"800\" height=\"445\" srcset=\"https:\/\/www.bodecall.com\/blog\/wp-content\/uploads\/2025\/11\/festival-de-cervezas-navidenas-essen.png 800w, https:\/\/www.bodecall.com\/blog\/wp-content\/uploads\/2025\/11\/festival-de-cervezas-navidenas-essen-300x167.png 300w, https:\/\/www.bodecall.com\/blog\/wp-content\/uploads\/2025\/11\/festival-de-cervezas-navidenas-essen-768x427.png 768w\" sizes=\"auto, (max-width: 800px) 100vw, 800px\" \/><figcaption id=\"caption-attachment-6960\" class=\"wp-caption-text\">Foto: Kerstbier Festival<\/figcaption><\/figure>\n<h2><span class=\"ez-toc-section\" id=\"Gluhkriek_el_abrazo_calido_de_la_cereza\"><\/span>Gl\u00fchkriek: el abrazo c\u00e1lido de la cereza<span class=\"ez-toc-section-end\"><\/span><\/h2>\n<p>Uno de los grandes protagonistas del festival es el <strong>gl\u00fchkriek<\/strong>, <strong>una versi\u00f3n belga del vino caliente, pero con cerveza de cereza<\/strong> (kriek). Se sirve caliente, est\u00e1 especiada, es reconfortante e ideal para combatir el fr\u00edo del invierno flamenco. Su aroma a canela, clavo y frutas rojas convierte a esta cerveza en una experiencia sensorial \u00fanica.<\/p>\n<h2><span class=\"ez-toc-section\" id=\"Un_punto_de_encuentro_global\"><\/span>Un punto de encuentro global<span class=\"ez-toc-section-end\"><\/span><\/h2>\n<p>El Kerstbierfestival atrae a visitantes de todo el mundo: desde coleccionistas de posavasos hasta sommeliers cerveceros, pasando por <strong>amantes de la cerveza y de la navidad<\/strong>. El ambiente es c\u00e1lido, festivo y muy navide\u00f1o.<\/p>\n<p>El festival se celebra los d\u00edas 13 y 14 de diciembre (2025) en el centro comunitario Heuvelhal de Essen, y las entradas suelen agotarse r\u00e1pido. Si est\u00e1s pensando en asistir, te recomendamos planificar con antelaci\u00f3n \u00a1Salud!<\/p>\n\n\n","protected":false},"excerpt":{"rendered":"<p>Llega el invierno y con \u00e9l las esperadas cervezas de Navidad y las Winter Ales. Estas cervezas se caracterizan por<\/p>\n","protected":false},"author":1,"featured_media":6961,"comment_status":"open","ping_status":"closed","sticky":false,"template":"","format":"standard","meta":{"_acf_changed":false,"footnotes":""},"categories":[216,54],"tags":[51,166],"class_list":["post-6958","post","type-post","status-publish","format-standard","has-post-thumbnail","hentry","category-academia-de-cerveza","category-cerveza-2","tag-cerveza","tag-cerveza-belga"],"acf":[],"yoast_head":"<!-- This site is optimized with the Yoast SEO plugin v26.8 - https:\/\/yoast.com\/product\/yoast-seo-wordpress\/ -->\n<title>Kerstbierfestival: el para\u00edso invernal de la cerveza de Navidad - Blog de cerveza artesana y de importaci\u00f3n<\/title>\n<meta name=\"robots\" content=\"index, follow, max-snippet:-1, max-image-preview:large, max-video-preview:-1\" \/>\n<link rel=\"canonical\" href=\"https:\/\/www.bodecall.com\/blog\/kerstbierfestival-el-paraiso-invernal-de-la-cerveza-de-navidad\/\" \/>\n<meta property=\"og:locale\" content=\"es_ES\" \/>\n<meta property=\"og:type\" content=\"article\" \/>\n<meta property=\"og:title\" content=\"Kerstbierfestival: el para\u00edso invernal de la cerveza de Navidad - Blog de cerveza artesana y de importaci\u00f3n\" \/>\n<meta property=\"og:description\" content=\"Llega el invierno y con \u00e9l las esperadas cervezas de Navidad y las Winter Ales. Estas cervezas se caracterizan por\" \/>\n<meta property=\"og:url\" content=\"https:\/\/www.bodecall.com\/blog\/kerstbierfestival-el-paraiso-invernal-de-la-cerveza-de-navidad\/\" \/>\n<meta property=\"og:site_name\" content=\"Blog de cerveza artesana y de importaci\u00f3n\" \/>\n<meta property=\"article:author\" content=\"https:\/\/www.facebook.com\/bodecall\" \/>\n<meta property=\"article:published_time\" content=\"2025-11-06T15:19:57+00:00\" \/>\n<meta property=\"article:modified_time\" content=\"2025-11-06T15:25:18+00:00\" \/>\n<meta property=\"og:image\" content=\"https:\/\/www.bodecall.com\/blog\/wp-content\/uploads\/2025\/11\/festival-de-cervezas-navidenas.png\" \/>\n\t<meta property=\"og:image:width\" content=\"800\" \/>\n\t<meta property=\"og:image:height\" content=\"445\" \/>\n\t<meta property=\"og:image:type\" content=\"image\/png\" \/>\n<meta name=\"author\" content=\"Bodecall Cervezas Artesanas\" \/>\n<meta name=\"twitter:card\" content=\"summary_large_image\" \/>\n<meta name=\"twitter:creator\" content=\"@Bodecall_\" \/>\n<meta name=\"twitter:label1\" content=\"Escrito por\" \/>\n\t<meta name=\"twitter:data1\" content=\"Bodecall Cervezas Artesanas\" \/>\n\t<meta name=\"twitter:label2\" content=\"Tiempo de lectura\" \/>\n\t<meta name=\"twitter:data2\" content=\"3 minutos\" \/>\n<script type=\"application\/ld+json\" class=\"yoast-schema-graph\">{\"@context\":\"https:\/\/schema.org\",\"@graph\":[{\"@type\":\"Article\",\"@id\":\"https:\/\/www.bodecall.com\/blog\/kerstbierfestival-el-paraiso-invernal-de-la-cerveza-de-navidad\/#article\",\"isPartOf\":{\"@id\":\"https:\/\/www.bodecall.com\/blog\/kerstbierfestival-el-paraiso-invernal-de-la-cerveza-de-navidad\/\"},\"author\":{\"name\":\"Bodecall Cervezas Artesanas\",\"@id\":\"https:\/\/www.bodecall.com\/blog\/#\/schema\/person\/fed303d878bae3f832ffcc696eb33622\"},\"headline\":\"Kerstbierfestival: el para\u00edso invernal de la cerveza de Navidad\",\"datePublished\":\"2025-11-06T15:19:57+00:00\",\"dateModified\":\"2025-11-06T15:25:18+00:00\",\"mainEntityOfPage\":{\"@id\":\"https:\/\/www.bodecall.com\/blog\/kerstbierfestival-el-paraiso-invernal-de-la-cerveza-de-navidad\/\"},\"wordCount\":376,\"commentCount\":0,\"publisher\":{\"@id\":\"https:\/\/www.bodecall.com\/blog\/#organization\"},\"image\":{\"@id\":\"https:\/\/www.bodecall.com\/blog\/kerstbierfestival-el-paraiso-invernal-de-la-cerveza-de-navidad\/#primaryimage\"},\"thumbnailUrl\":\"https:\/\/www.bodecall.com\/blog\/wp-content\/uploads\/2025\/11\/festival-de-cervezas-navidenas.png\",\"keywords\":[\"cerveza\",\"cerveza belga\"],\"articleSection\":[\"ACADEMIA DE CERVEZA\",\"Cerveza\"],\"inLanguage\":\"es\",\"potentialAction\":[{\"@type\":\"CommentAction\",\"name\":\"Comment\",\"target\":[\"https:\/\/www.bodecall.com\/blog\/kerstbierfestival-el-paraiso-invernal-de-la-cerveza-de-navidad\/#respond\"]}]},{\"@type\":\"WebPage\",\"@id\":\"https:\/\/www.bodecall.com\/blog\/kerstbierfestival-el-paraiso-invernal-de-la-cerveza-de-navidad\/\",\"url\":\"https:\/\/www.bodecall.com\/blog\/kerstbierfestival-el-paraiso-invernal-de-la-cerveza-de-navidad\/\",\"name\":\"Kerstbierfestival: el para\u00edso invernal de la cerveza de Navidad - Blog de cerveza artesana y de importaci\u00f3n\",\"isPartOf\":{\"@id\":\"https:\/\/www.bodecall.com\/blog\/#website\"},\"primaryImageOfPage\":{\"@id\":\"https:\/\/www.bodecall.com\/blog\/kerstbierfestival-el-paraiso-invernal-de-la-cerveza-de-navidad\/#primaryimage\"},\"image\":{\"@id\":\"https:\/\/www.bodecall.com\/blog\/kerstbierfestival-el-paraiso-invernal-de-la-cerveza-de-navidad\/#primaryimage\"},\"thumbnailUrl\":\"https:\/\/www.bodecall.com\/blog\/wp-content\/uploads\/2025\/11\/festival-de-cervezas-navidenas.png\",\"datePublished\":\"2025-11-06T15:19:57+00:00\",\"dateModified\":\"2025-11-06T15:25:18+00:00\",\"breadcrumb\":{\"@id\":\"https:\/\/www.bodecall.com\/blog\/kerstbierfestival-el-paraiso-invernal-de-la-cerveza-de-navidad\/#breadcrumb\"},\"inLanguage\":\"es\",\"potentialAction\":[{\"@type\":\"ReadAction\",\"target\":[\"https:\/\/www.bodecall.com\/blog\/kerstbierfestival-el-paraiso-invernal-de-la-cerveza-de-navidad\/\"]}]},{\"@type\":\"ImageObject\",\"inLanguage\":\"es\",\"@id\":\"https:\/\/www.bodecall.com\/blog\/kerstbierfestival-el-paraiso-invernal-de-la-cerveza-de-navidad\/#primaryimage\",\"url\":\"https:\/\/www.bodecall.com\/blog\/wp-content\/uploads\/2025\/11\/festival-de-cervezas-navidenas.png\",\"contentUrl\":\"https:\/\/www.bodecall.com\/blog\/wp-content\/uploads\/2025\/11\/festival-de-cervezas-navidenas.png\",\"width\":800,\"height\":445,\"caption\":\"Festival de cervezas de Navidad\"},{\"@type\":\"BreadcrumbList\",\"@id\":\"https:\/\/www.bodecall.com\/blog\/kerstbierfestival-el-paraiso-invernal-de-la-cerveza-de-navidad\/#breadcrumb\",\"itemListElement\":[{\"@type\":\"ListItem\",\"position\":1,\"name\":\"Portada\",\"item\":\"https:\/\/www.bodecall.com\/blog\/\"},{\"@type\":\"ListItem\",\"position\":2,\"name\":\"Kerstbierfestival: el para\u00edso invernal de la cerveza de Navidad\"}]},{\"@type\":\"WebSite\",\"@id\":\"https:\/\/www.bodecall.com\/blog\/#website\",\"url\":\"https:\/\/www.bodecall.com\/blog\/\",\"name\":\"Blog de cerveza artesana y de importaci\u00f3n\",\"description\":\"Explora el universo de la cerveza con noticias, novedades, curiosidades y gu\u00edas en el blog de cerveza de Bodecall\",\"publisher\":{\"@id\":\"https:\/\/www.bodecall.com\/blog\/#organization\"},\"potentialAction\":[{\"@type\":\"SearchAction\",\"target\":{\"@type\":\"EntryPoint\",\"urlTemplate\":\"https:\/\/www.bodecall.com\/blog\/?s={search_term_string}\"},\"query-input\":{\"@type\":\"PropertyValueSpecification\",\"valueRequired\":true,\"valueName\":\"search_term_string\"}}],\"inLanguage\":\"es\"},{\"@type\":\"Organization\",\"@id\":\"https:\/\/www.bodecall.com\/blog\/#organization\",\"name\":\"Blog de cerveza artesana y de importaci\u00f3n\",\"url\":\"https:\/\/www.bodecall.com\/blog\/\",\"logo\":{\"@type\":\"ImageObject\",\"inLanguage\":\"es\",\"@id\":\"https:\/\/www.bodecall.com\/blog\/#\/schema\/logo\/image\/\",\"url\":\"https:\/\/www.bodecall.com\/blog\/wp-content\/uploads\/2020\/11\/logo-bodecall-blog.jpg\",\"contentUrl\":\"https:\/\/www.bodecall.com\/blog\/wp-content\/uploads\/2020\/11\/logo-bodecall-blog.jpg\",\"width\":200,\"height\":53,\"caption\":\"Blog de cerveza artesana y de importaci\u00f3n\"},\"image\":{\"@id\":\"https:\/\/www.bodecall.com\/blog\/#\/schema\/logo\/image\/\"}},{\"@type\":\"Person\",\"@id\":\"https:\/\/www.bodecall.com\/blog\/#\/schema\/person\/fed303d878bae3f832ffcc696eb33622\",\"name\":\"Bodecall Cervezas Artesanas\",\"image\":{\"@type\":\"ImageObject\",\"inLanguage\":\"es\",\"@id\":\"https:\/\/www.bodecall.com\/blog\/#\/schema\/person\/image\/\",\"url\":\"https:\/\/secure.gravatar.com\/avatar\/4245cc729cf13e2723c8a40af0e03c5dfc48574718e46a5a9634416ff2051316?s=96&d=identicon&r=g\",\"contentUrl\":\"https:\/\/secure.gravatar.com\/avatar\/4245cc729cf13e2723c8a40af0e03c5dfc48574718e46a5a9634416ff2051316?s=96&d=identicon&r=g\",\"caption\":\"Bodecall Cervezas Artesanas\"},\"description\":\"En Bodecall somos especialistas en cervezas y nos encanta escribir sobre todo lo que rodea a esta deliciosa bebida: desde los procesos de elaboraci\u00f3n hasta su historia y cultura. Adem\u00e1s, nos dedicamos a seleccionar, recomendar y ofrecer las mejores cervezas artesanales, de importaci\u00f3n y cl\u00e1sicas, para que disfrutes de una experiencia \u00fanica en cada sorbo. \u00danete a nuestra comunidad cervecera y descubre con nosotros los secretos detr\u00e1s de cada cerveza.\",\"sameAs\":[\"http:\/\/bodecall.com\",\"https:\/\/www.facebook.com\/bodecall\",\"https:\/\/www.instagram.com\/bodecall_\",\"https:\/\/x.com\/Bodecall_\",\"https:\/\/www.youtube.com\/Bodecall-Vinos-Licores\",\"https:\/\/www.tumblr.com\/blog\/bodecall\"],\"url\":\"https:\/\/www.bodecall.com\/blog\/author\/admin\/\"}]}<\/script>\n<!-- \/ Yoast SEO plugin. -->","yoast_head_json":{"title":"Kerstbierfestival: el para\u00edso invernal de la cerveza de Navidad - Blog de cerveza artesana y de importaci\u00f3n","robots":{"index":"index","follow":"follow","max-snippet":"max-snippet:-1","max-image-preview":"max-image-preview:large","max-video-preview":"max-video-preview:-1"},"canonical":"https:\/\/www.bodecall.com\/blog\/kerstbierfestival-el-paraiso-invernal-de-la-cerveza-de-navidad\/","og_locale":"es_ES","og_type":"article","og_title":"Kerstbierfestival: el para\u00edso invernal de la cerveza de Navidad - Blog de cerveza artesana y de importaci\u00f3n","og_description":"Llega el invierno y con \u00e9l las esperadas cervezas de Navidad y las Winter Ales. Estas cervezas se caracterizan por","og_url":"https:\/\/www.bodecall.com\/blog\/kerstbierfestival-el-paraiso-invernal-de-la-cerveza-de-navidad\/","og_site_name":"Blog de cerveza artesana y de importaci\u00f3n","article_author":"https:\/\/www.facebook.com\/bodecall","article_published_time":"2025-11-06T15:19:57+00:00","article_modified_time":"2025-11-06T15:25:18+00:00","og_image":[{"width":800,"height":445,"url":"https:\/\/www.bodecall.com\/blog\/wp-content\/uploads\/2025\/11\/festival-de-cervezas-navidenas.png","type":"image\/png"}],"author":"Bodecall Cervezas Artesanas","twitter_card":"summary_large_image","twitter_creator":"@Bodecall_","twitter_misc":{"Escrito por":"Bodecall Cervezas Artesanas","Tiempo de lectura":"3 minutos"},"schema":{"@context":"https:\/\/schema.org","@graph":[{"@type":"Article","@id":"https:\/\/www.bodecall.com\/blog\/kerstbierfestival-el-paraiso-invernal-de-la-cerveza-de-navidad\/#article","isPartOf":{"@id":"https:\/\/www.bodecall.com\/blog\/kerstbierfestival-el-paraiso-invernal-de-la-cerveza-de-navidad\/"},"author":{"name":"Bodecall Cervezas Artesanas","@id":"https:\/\/www.bodecall.com\/blog\/#\/schema\/person\/fed303d878bae3f832ffcc696eb33622"},"headline":"Kerstbierfestival: el para\u00edso invernal de la cerveza de Navidad","datePublished":"2025-11-06T15:19:57+00:00","dateModified":"2025-11-06T15:25:18+00:00","mainEntityOfPage":{"@id":"https:\/\/www.bodecall.com\/blog\/kerstbierfestival-el-paraiso-invernal-de-la-cerveza-de-navidad\/"},"wordCount":376,"commentCount":0,"publisher":{"@id":"https:\/\/www.bodecall.com\/blog\/#organization"},"image":{"@id":"https:\/\/www.bodecall.com\/blog\/kerstbierfestival-el-paraiso-invernal-de-la-cerveza-de-navidad\/#primaryimage"},"thumbnailUrl":"https:\/\/www.bodecall.com\/blog\/wp-content\/uploads\/2025\/11\/festival-de-cervezas-navidenas.png","keywords":["cerveza","cerveza belga"],"articleSection":["ACADEMIA DE CERVEZA","Cerveza"],"inLanguage":"es","potentialAction":[{"@type":"CommentAction","name":"Comment","target":["https:\/\/www.bodecall.com\/blog\/kerstbierfestival-el-paraiso-invernal-de-la-cerveza-de-navidad\/#respond"]}]},{"@type":"WebPage","@id":"https:\/\/www.bodecall.com\/blog\/kerstbierfestival-el-paraiso-invernal-de-la-cerveza-de-navidad\/","url":"https:\/\/www.bodecall.com\/blog\/kerstbierfestival-el-paraiso-invernal-de-la-cerveza-de-navidad\/","name":"Kerstbierfestival: el para\u00edso invernal de la cerveza de Navidad - Blog de cerveza artesana y de importaci\u00f3n","isPartOf":{"@id":"https:\/\/www.bodecall.com\/blog\/#website"},"primaryImageOfPage":{"@id":"https:\/\/www.bodecall.com\/blog\/kerstbierfestival-el-paraiso-invernal-de-la-cerveza-de-navidad\/#primaryimage"},"image":{"@id":"https:\/\/www.bodecall.com\/blog\/kerstbierfestival-el-paraiso-invernal-de-la-cerveza-de-navidad\/#primaryimage"},"thumbnailUrl":"https:\/\/www.bodecall.com\/blog\/wp-content\/uploads\/2025\/11\/festival-de-cervezas-navidenas.png","datePublished":"2025-11-06T15:19:57+00:00","dateModified":"2025-11-06T15:25:18+00:00","breadcrumb":{"@id":"https:\/\/www.bodecall.com\/blog\/kerstbierfestival-el-paraiso-invernal-de-la-cerveza-de-navidad\/#breadcrumb"},"inLanguage":"es","potentialAction":[{"@type":"ReadAction","target":["https:\/\/www.bodecall.com\/blog\/kerstbierfestival-el-paraiso-invernal-de-la-cerveza-de-navidad\/"]}]},{"@type":"ImageObject","inLanguage":"es","@id":"https:\/\/www.bodecall.com\/blog\/kerstbierfestival-el-paraiso-invernal-de-la-cerveza-de-navidad\/#primaryimage","url":"https:\/\/www.bodecall.com\/blog\/wp-content\/uploads\/2025\/11\/festival-de-cervezas-navidenas.png","contentUrl":"https:\/\/www.bodecall.com\/blog\/wp-content\/uploads\/2025\/11\/festival-de-cervezas-navidenas.png","width":800,"height":445,"caption":"Festival de cervezas de Navidad"},{"@type":"BreadcrumbList","@id":"https:\/\/www.bodecall.com\/blog\/kerstbierfestival-el-paraiso-invernal-de-la-cerveza-de-navidad\/#breadcrumb","itemListElement":[{"@type":"ListItem","position":1,"name":"Portada","item":"https:\/\/www.bodecall.com\/blog\/"},{"@type":"ListItem","position":2,"name":"Kerstbierfestival: el para\u00edso invernal de la cerveza de Navidad"}]},{"@type":"WebSite","@id":"https:\/\/www.bodecall.com\/blog\/#website","url":"https:\/\/www.bodecall.com\/blog\/","name":"Blog de cerveza artesana y de importaci\u00f3n","description":"Explora el universo de la cerveza con noticias, novedades, curiosidades y gu\u00edas en el blog de cerveza de Bodecall","publisher":{"@id":"https:\/\/www.bodecall.com\/blog\/#organization"},"potentialAction":[{"@type":"SearchAction","target":{"@type":"EntryPoint","urlTemplate":"https:\/\/www.bodecall.com\/blog\/?s={search_term_string}"},"query-input":{"@type":"PropertyValueSpecification","valueRequired":true,"valueName":"search_term_string"}}],"inLanguage":"es"},{"@type":"Organization","@id":"https:\/\/www.bodecall.com\/blog\/#organization","name":"Blog de cerveza artesana y de importaci\u00f3n","url":"https:\/\/www.bodecall.com\/blog\/","logo":{"@type":"ImageObject","inLanguage":"es","@id":"https:\/\/www.bodecall.com\/blog\/#\/schema\/logo\/image\/","url":"https:\/\/www.bodecall.com\/blog\/wp-content\/uploads\/2020\/11\/logo-bodecall-blog.jpg","contentUrl":"https:\/\/www.bodecall.com\/blog\/wp-content\/uploads\/2020\/11\/logo-bodecall-blog.jpg","width":200,"height":53,"caption":"Blog de cerveza artesana y de importaci\u00f3n"},"image":{"@id":"https:\/\/www.bodecall.com\/blog\/#\/schema\/logo\/image\/"}},{"@type":"Person","@id":"https:\/\/www.bodecall.com\/blog\/#\/schema\/person\/fed303d878bae3f832ffcc696eb33622","name":"Bodecall Cervezas Artesanas","image":{"@type":"ImageObject","inLanguage":"es","@id":"https:\/\/www.bodecall.com\/blog\/#\/schema\/person\/image\/","url":"https:\/\/secure.gravatar.com\/avatar\/4245cc729cf13e2723c8a40af0e03c5dfc48574718e46a5a9634416ff2051316?s=96&d=identicon&r=g","contentUrl":"https:\/\/secure.gravatar.com\/avatar\/4245cc729cf13e2723c8a40af0e03c5dfc48574718e46a5a9634416ff2051316?s=96&d=identicon&r=g","caption":"Bodecall Cervezas Artesanas"},"description":"En Bodecall somos especialistas en cervezas y nos encanta escribir sobre todo lo que rodea a esta deliciosa bebida: desde los procesos de elaboraci\u00f3n hasta su historia y cultura. Adem\u00e1s, nos dedicamos a seleccionar, recomendar y ofrecer las mejores cervezas artesanales, de importaci\u00f3n y cl\u00e1sicas, para que disfrutes de una experiencia \u00fanica en cada sorbo. \u00danete a nuestra comunidad cervecera y descubre con nosotros los secretos detr\u00e1s de cada cerveza.","sameAs":["http:\/\/bodecall.com","https:\/\/www.facebook.com\/bodecall","https:\/\/www.instagram.com\/bodecall_","https:\/\/x.com\/Bodecall_","https:\/\/www.youtube.com\/Bodecall-Vinos-Licores","https:\/\/www.tumblr.com\/blog\/bodecall"],"url":"https:\/\/www.bodecall.com\/blog\/author\/admin\/"}]}},"_links":{"self":[{"href":"https:\/\/www.bodecall.com\/blog\/wp-json\/wp\/v2\/posts\/6958","targetHints":{"allow":["GET"]}}],"collection":[{"href":"https:\/\/www.bodecall.com\/blog\/wp-json\/wp\/v2\/posts"}],"about":[{"href":"https:\/\/www.bodecall.com\/blog\/wp-json\/wp\/v2\/types\/post"}],"author":[{"embeddable":true,"href":"https:\/\/www.bodecall.com\/blog\/wp-json\/wp\/v2\/users\/1"}],"replies":[{"embeddable":true,"href":"https:\/\/www.bodecall.com\/blog\/wp-json\/wp\/v2\/comments?post=6958"}],"version-history":[{"count":4,"href":"https:\/\/www.bodecall.com\/blog\/wp-json\/wp\/v2\/posts\/6958\/revisions"}],"predecessor-version":[{"id":6966,"href":"https:\/\/www.bodecall.com\/blog\/wp-json\/wp\/v2\/posts\/6958\/revisions\/6966"}],"wp:featuredmedia":[{"embeddable":true,"href":"https:\/\/www.bodecall.com\/blog\/wp-json\/wp\/v2\/media\/6961"}],"wp:attachment":[{"href":"https:\/\/www.bodecall.com\/blog\/wp-json\/wp\/v2\/media?parent=6958"}],"wp:term":[{"taxonomy":"category","embeddable":true,"href":"https:\/\/www.bodecall.com\/blog\/wp-json\/wp\/v2\/categories?post=6958"},{"taxonomy":"post_tag","embeddable":true,"href":"https:\/\/www.bodecall.com\/blog\/wp-json\/wp\/v2\/tags?post=6958"}],"curies":[{"name":"wp","href":"https:\/\/api.w.org\/{rel}","templated":true}]}}